{"id":752,"date":"2014-05-25T23:56:25","date_gmt":"2014-05-25T21:56:25","guid":{"rendered":"http:\/\/naturgartenblog.wgrverlag.de\/?p=752"},"modified":"2014-05-28T00:08:39","modified_gmt":"2014-05-27T22:08:39","slug":"show-der-marienkaefer","status":"publish","type":"post","link":"https:\/\/naturgartenblog.wgrverlag.de\/?p=752","title":{"rendered":"Show der Marienk\u00e4fer"},"content":{"rendered":"<p>Die L\u00e4use auf unseren Dicken Bohnen im Nutzgarten und auf den Margeriten im Kr\u00e4uterrasen als gefundenes Fressen der Marienk\u00e4fer haben wohl dazu gef\u00fchrt, dass es heute ein regelrechtes Marienk\u00e4fer-Fotoshooting gab. Deutlich \u00fcberwog hierbei der asiatisch Einwanderer namens Harmonia axyridis. Die Fotogalerie zeigt die unglaubliche Variabilit\u00e4t dieser Art. <!--more--><\/p>\n\n\t\t<style type=\"text\/css\">\n\t\t\t#gallery-1 {\n\t\t\t\tmargin: auto;\n\t\t\t}\n\t\t\t#gallery-1 .gallery-item {\n\t\t\t\tfloat: left;\n\t\t\t\tmargin-top: 10px;\n\t\t\t\ttext-align: center;\n\t\t\t\twidth: 25%;\n\t\t\t}\n\t\t\t#gallery-1 img {\n\t\t\t\tborder: 2px solid #cfcfcf;\n\t\t\t}\n\t\t\t#gallery-1 .gallery-caption {\n\t\t\t\tmargin-left: 0;\n\t\t\t}\n\t\t\t\/* see gallery_shortcode() in wp-includes\/media.php *\/\n\t\t<\/style>\n\t\t<div id='gallery-1' class='gallery galleryid-752 gallery-columns-4 gallery-size-thumbnail'><dl class='gallery-item'>\n\t\t\t<dt class='gallery-icon landscape'>\n\t\t\t\t<a href='https:\/\/naturgartenblog.wgrverlag.de\/?attachment_id=750'><img width=\"150\" height=\"150\" src=\"https:\/\/naturgartenblog.wgrverlag.de\/wp-content\/uploads\/2014\/05\/Dicke-Bohnen-K\u00e4fer-L\u00e4use-250514-150x150.jpg\" class=\"attachment-thumbnail size-thumbnail\" alt=\"\" decoding=\"async\" aria-describedby=\"gallery-1-750\" loading=\"lazy\" \/><\/a>\n\t\t\t<\/dt>\n\t\t\t\t<dd class='wp-caption-text gallery-caption' id='gallery-1-750'>\n\t\t\t\tDicke Bohnen mit L\u00e4usen und K\u00e4fern\n\t\t\t\t<\/dd><\/dl><dl class='gallery-item'>\n\t\t\t<dt class='gallery-icon landscape'>\n\t\t\t\t<a href='https:\/\/naturgartenblog.wgrverlag.de\/?attachment_id=751'><img width=\"150\" height=\"150\" src=\"https:\/\/naturgartenblog.wgrverlag.de\/wp-content\/uploads\/2014\/05\/propylea-quatuordecimpunctata-250514-150x150.jpg\" class=\"attachment-thumbnail size-thumbnail\" alt=\"\" decoding=\"async\" aria-describedby=\"gallery-1-751\" loading=\"lazy\" \/><\/a>\n\t\t\t<\/dt>\n\t\t\t\t<dd class='wp-caption-text gallery-caption' id='gallery-1-751'>\n\t\t\t\t14-Punkt\n\t\t\t\t<\/dd><\/dl><dl class='gallery-item'>\n\t\t\t<dt class='gallery-icon portrait'>\n\t\t\t\t<a href='https:\/\/naturgartenblog.wgrverlag.de\/?attachment_id=749'><img width=\"150\" height=\"150\" src=\"https:\/\/naturgartenblog.wgrverlag.de\/wp-content\/uploads\/2014\/05\/Asiat_7-250514-150x150.jpg\" class=\"attachment-thumbnail size-thumbnail\" alt=\"\" decoding=\"async\" aria-describedby=\"gallery-1-749\" loading=\"lazy\" \/><\/a>\n\t\t\t<\/dt>\n\t\t\t\t<dd class='wp-caption-text gallery-caption' id='gallery-1-749'>\n\t\t\t\tHarmonia axyridis\n\t\t\t\t<\/dd><\/dl><dl class='gallery-item'>\n\t\t\t<dt class='gallery-icon landscape'>\n\t\t\t\t<a href='https:\/\/naturgartenblog.wgrverlag.de\/?attachment_id=748'><img width=\"150\" height=\"150\" src=\"https:\/\/naturgartenblog.wgrverlag.de\/wp-content\/uploads\/2014\/05\/Asiat_6-250514-150x150.jpg\" class=\"attachment-thumbnail size-thumbnail\" alt=\"\" decoding=\"async\" aria-describedby=\"gallery-1-748\" loading=\"lazy\" \/><\/a>\n\t\t\t<\/dt>\n\t\t\t\t<dd class='wp-caption-text gallery-caption' id='gallery-1-748'>\n\t\t\t\tAsiatischer Marienk\u00e4fer\n\t\t\t\t<\/dd><\/dl><br style=\"clear: both\" \/><dl class='gallery-item'>\n\t\t\t<dt class='gallery-icon portrait'>\n\t\t\t\t<a href='https:\/\/naturgartenblog.wgrverlag.de\/?attachment_id=747'><img width=\"150\" height=\"150\" src=\"https:\/\/naturgartenblog.wgrverlag.de\/wp-content\/uploads\/2014\/05\/Asiat_5-250514-150x150.jpg\" class=\"attachment-thumbnail size-thumbnail\" alt=\"\" decoding=\"async\" aria-describedby=\"gallery-1-747\" loading=\"lazy\" \/><\/a>\n\t\t\t<\/dt>\n\t\t\t\t<dd class='wp-caption-text gallery-caption' id='gallery-1-747'>\n\t\t\t\tAsiat\n\t\t\t\t<\/dd><\/dl><dl class='gallery-item'>\n\t\t\t<dt class='gallery-icon landscape'>\n\t\t\t\t<a href='https:\/\/naturgartenblog.wgrverlag.de\/?attachment_id=746'><img width=\"150\" height=\"150\" src=\"https:\/\/naturgartenblog.wgrverlag.de\/wp-content\/uploads\/2014\/05\/Asiat_4-250514-150x150.jpg\" class=\"attachment-thumbnail size-thumbnail\" alt=\"\" decoding=\"async\" aria-describedby=\"gallery-1-746\" loading=\"lazy\" \/><\/a>\n\t\t\t<\/dt>\n\t\t\t\t<dd class='wp-caption-text gallery-caption' id='gallery-1-746'>\n\t\t\t\tAsiat\n\t\t\t\t<\/dd><\/dl><dl class='gallery-item'>\n\t\t\t<dt class='gallery-icon landscape'>\n\t\t\t\t<a href='https:\/\/naturgartenblog.wgrverlag.de\/?attachment_id=745'><img width=\"150\" height=\"150\" src=\"https:\/\/naturgartenblog.wgrverlag.de\/wp-content\/uploads\/2014\/05\/Asiat_3-250514-150x150.jpg\" class=\"attachment-thumbnail size-thumbnail\" alt=\"\" decoding=\"async\" aria-describedby=\"gallery-1-745\" loading=\"lazy\" \/><\/a>\n\t\t\t<\/dt>\n\t\t\t\t<dd class='wp-caption-text gallery-caption' id='gallery-1-745'>\n\t\t\t\tAsiat\n\t\t\t\t<\/dd><\/dl><dl class='gallery-item'>\n\t\t\t<dt class='gallery-icon landscape'>\n\t\t\t\t<a href='https:\/\/naturgartenblog.wgrverlag.de\/?attachment_id=744'><img width=\"150\" height=\"150\" src=\"https:\/\/naturgartenblog.wgrverlag.de\/wp-content\/uploads\/2014\/05\/Asiat_2-250514-150x150.jpg\" class=\"attachment-thumbnail size-thumbnail\" alt=\"\" decoding=\"async\" aria-describedby=\"gallery-1-744\" loading=\"lazy\" \/><\/a>\n\t\t\t<\/dt>\n\t\t\t\t<dd class='wp-caption-text gallery-caption' id='gallery-1-744'>\n\t\t\t\tHarmonia\n\t\t\t\t<\/dd><\/dl><br style=\"clear: both\" \/><dl class='gallery-item'>\n\t\t\t<dt class='gallery-icon landscape'>\n\t\t\t\t<a href='https:\/\/naturgartenblog.wgrverlag.de\/?attachment_id=743'><img width=\"150\" height=\"150\" src=\"https:\/\/naturgartenblog.wgrverlag.de\/wp-content\/uploads\/2014\/05\/Asiat-250514-150x150.jpg\" class=\"attachment-thumbnail size-thumbnail\" alt=\"\" decoding=\"async\" aria-describedby=\"gallery-1-743\" loading=\"lazy\" \/><\/a>\n\t\t\t<\/dt>\n\t\t\t\t<dd class='wp-caption-text gallery-caption' id='gallery-1-743'>\n\t\t\t\tHarmonia\n\t\t\t\t<\/dd><\/dl><dl class='gallery-item'>\n\t\t\t<dt class='gallery-icon portrait'>\n\t\t\t\t<a href='https:\/\/naturgartenblog.wgrverlag.de\/?attachment_id=740'><img width=\"150\" height=\"150\" src=\"https:\/\/naturgartenblog.wgrverlag.de\/wp-content\/uploads\/2014\/05\/asia-kop_6-250514-150x150.jpg\" class=\"attachment-thumbnail size-thumbnail\" alt=\"\" decoding=\"async\" aria-describedby=\"gallery-1-740\" loading=\"lazy\" \/><\/a>\n\t\t\t<\/dt>\n\t\t\t\t<dd class='wp-caption-text gallery-caption' id='gallery-1-740'>\n\t\t\t\tKopulierende Asiaten\n\t\t\t\t<\/dd><\/dl><dl class='gallery-item'>\n\t\t\t<dt class='gallery-icon landscape'>\n\t\t\t\t<a href='https:\/\/naturgartenblog.wgrverlag.de\/?attachment_id=741'><img width=\"150\" height=\"150\" src=\"https:\/\/naturgartenblog.wgrverlag.de\/wp-content\/uploads\/2014\/05\/asia-kop_7-250514-150x150.jpg\" class=\"attachment-thumbnail size-thumbnail\" alt=\"\" decoding=\"async\" aria-describedby=\"gallery-1-741\" loading=\"lazy\" \/><\/a>\n\t\t\t<\/dt>\n\t\t\t\t<dd class='wp-caption-text gallery-caption' id='gallery-1-741'>\n\t\t\t\tHarmonia\n\t\t\t\t<\/dd><\/dl><dl class='gallery-item'>\n\t\t\t<dt class='gallery-icon landscape'>\n\t\t\t\t<a href='https:\/\/naturgartenblog.wgrverlag.de\/?attachment_id=742'><img width=\"150\" height=\"150\" src=\"https:\/\/naturgartenblog.wgrverlag.de\/wp-content\/uploads\/2014\/05\/asia-kop_8-250514-150x150.jpg\" class=\"attachment-thumbnail size-thumbnail\" alt=\"\" decoding=\"async\" aria-describedby=\"gallery-1-742\" loading=\"lazy\" \/><\/a>\n\t\t\t<\/dt>\n\t\t\t\t<dd class='wp-caption-text gallery-caption' id='gallery-1-742'>\n\t\t\t\tHarmonia\n\t\t\t\t<\/dd><\/dl><br style=\"clear: both\" \/><dl class='gallery-item'>\n\t\t\t<dt class='gallery-icon landscape'>\n\t\t\t\t<a href='https:\/\/naturgartenblog.wgrverlag.de\/?attachment_id=733'><img width=\"150\" height=\"150\" src=\"https:\/\/naturgartenblog.wgrverlag.de\/wp-content\/uploads\/2014\/05\/7Punkt_2-250514-150x150.jpg\" class=\"attachment-thumbnail size-thumbnail\" alt=\"\" decoding=\"async\" aria-describedby=\"gallery-1-733\" loading=\"lazy\" \/><\/a>\n\t\t\t<\/dt>\n\t\t\t\t<dd class='wp-caption-text gallery-caption' id='gallery-1-733'>\n\t\t\t\t7-Punkt\n\t\t\t\t<\/dd><\/dl><dl class='gallery-item'>\n\t\t\t<dt class='gallery-icon portrait'>\n\t\t\t\t<a href='https:\/\/naturgartenblog.wgrverlag.de\/?attachment_id=732'><img width=\"150\" height=\"150\" src=\"https:\/\/naturgartenblog.wgrverlag.de\/wp-content\/uploads\/2014\/05\/7Punkt-250514-150x150.jpg\" class=\"attachment-thumbnail size-thumbnail\" alt=\"\" decoding=\"async\" aria-describedby=\"gallery-1-732\" loading=\"lazy\" \/><\/a>\n\t\t\t<\/dt>\n\t\t\t\t<dd class='wp-caption-text gallery-caption' id='gallery-1-732'>\n\t\t\t\t7-Punkt\n\t\t\t\t<\/dd><\/dl><dl class='gallery-item'>\n\t\t\t<dt class='gallery-icon landscape'>\n\t\t\t\t<a href='https:\/\/naturgartenblog.wgrverlag.de\/?attachment_id=736'><img width=\"150\" height=\"150\" src=\"https:\/\/naturgartenblog.wgrverlag.de\/wp-content\/uploads\/2014\/05\/asia-kop_2-250514-150x150.jpg\" class=\"attachment-thumbnail size-thumbnail\" alt=\"\" decoding=\"async\" aria-describedby=\"gallery-1-736\" loading=\"lazy\" \/><\/a>\n\t\t\t<\/dt>\n\t\t\t\t<dd class='wp-caption-text gallery-caption' id='gallery-1-736'>\n\t\t\t\tHarmonia\n\t\t\t\t<\/dd><\/dl><dl class='gallery-item'>\n\t\t\t<dt class='gallery-icon portrait'>\n\t\t\t\t<a href='https:\/\/naturgartenblog.wgrverlag.de\/?attachment_id=739'><img width=\"150\" height=\"150\" src=\"https:\/\/naturgartenblog.wgrverlag.de\/wp-content\/uploads\/2014\/05\/asia-kop_5-250514-150x150.jpg\" class=\"attachment-thumbnail size-thumbnail\" alt=\"\" decoding=\"async\" aria-describedby=\"gallery-1-739\" loading=\"lazy\" \/><\/a>\n\t\t\t<\/dt>\n\t\t\t\t<dd class='wp-caption-text gallery-caption' id='gallery-1-739'>\n\t\t\t\tHarmonia\n\t\t\t\t<\/dd><\/dl><br style=\"clear: both\" \/><dl class='gallery-item'>\n\t\t\t<dt class='gallery-icon landscape'>\n\t\t\t\t<a href='https:\/\/naturgartenblog.wgrverlag.de\/?attachment_id=738'><img width=\"150\" height=\"150\" src=\"https:\/\/naturgartenblog.wgrverlag.de\/wp-content\/uploads\/2014\/05\/asia-kop_4-250514-150x150.jpg\" class=\"attachment-thumbnail size-thumbnail\" alt=\"\" decoding=\"async\" aria-describedby=\"gallery-1-738\" loading=\"lazy\" \/><\/a>\n\t\t\t<\/dt>\n\t\t\t\t<dd class='wp-caption-text gallery-caption' id='gallery-1-738'>\n\t\t\t\tHarmonia\n\t\t\t\t<\/dd><\/dl><dl class='gallery-item'>\n\t\t\t<dt class='gallery-icon portrait'>\n\t\t\t\t<a href='https:\/\/naturgartenblog.wgrverlag.de\/?attachment_id=737'><img width=\"150\" height=\"150\" src=\"https:\/\/naturgartenblog.wgrverlag.de\/wp-content\/uploads\/2014\/05\/asia-kop_3-250514-150x150.jpg\" class=\"attachment-thumbnail size-thumbnail\" alt=\"\" decoding=\"async\" aria-describedby=\"gallery-1-737\" loading=\"lazy\" \/><\/a>\n\t\t\t<\/dt>\n\t\t\t\t<dd class='wp-caption-text gallery-caption' id='gallery-1-737'>\n\t\t\t\tHarmonia\n\t\t\t\t<\/dd><\/dl><dl class='gallery-item'>\n\t\t\t<dt class='gallery-icon landscape'>\n\t\t\t\t<a href='https:\/\/naturgartenblog.wgrverlag.de\/?attachment_id=734'><img width=\"150\" height=\"150\" src=\"https:\/\/naturgartenblog.wgrverlag.de\/wp-content\/uploads\/2014\/05\/7Punkt_3-250514-150x150.jpg\" class=\"attachment-thumbnail size-thumbnail\" alt=\"\" decoding=\"async\" aria-describedby=\"gallery-1-734\" loading=\"lazy\" srcset=\"https:\/\/naturgartenblog.wgrverlag.de\/wp-content\/uploads\/2014\/05\/7Punkt_3-250514-150x150.jpg 150w, https:\/\/naturgartenblog.wgrverlag.de\/wp-content\/uploads\/2014\/05\/7Punkt_3-250514-300x298.jpg 300w, https:\/\/naturgartenblog.wgrverlag.de\/wp-content\/uploads\/2014\/05\/7Punkt_3-250514-624x620.jpg 624w, https:\/\/naturgartenblog.wgrverlag.de\/wp-content\/uploads\/2014\/05\/7Punkt_3-250514.jpg 1000w\" sizes=\"(max-width: 150px) 100vw, 150px\" \/><\/a>\n\t\t\t<\/dt>\n\t\t\t\t<dd class='wp-caption-text gallery-caption' id='gallery-1-734'>\n\t\t\t\t7-Punkt\n\t\t\t\t<\/dd><\/dl><dl class='gallery-item'>\n\t\t\t<dt class='gallery-icon landscape'>\n\t\t\t\t<a href='https:\/\/naturgartenblog.wgrverlag.de\/?attachment_id=735'><img width=\"150\" height=\"150\" src=\"https:\/\/naturgartenblog.wgrverlag.de\/wp-content\/uploads\/2014\/05\/asia-kop-250514-150x150.jpg\" class=\"attachment-thumbnail size-thumbnail\" alt=\"\" decoding=\"async\" aria-describedby=\"gallery-1-735\" loading=\"lazy\" \/><\/a>\n\t\t\t<\/dt>\n\t\t\t\t<dd class='wp-caption-text gallery-caption' id='gallery-1-735'>\n\t\t\t\tHarmonia\n\t\t\t\t<\/dd><\/dl><br style=\"clear: both\" \/><dl class='gallery-item'>\n\t\t\t<dt class='gallery-icon landscape'>\n\t\t\t\t<a href='https:\/\/naturgartenblog.wgrverlag.de\/?attachment_id=731'><img width=\"150\" height=\"150\" src=\"https:\/\/naturgartenblog.wgrverlag.de\/wp-content\/uploads\/2014\/05\/2Punkt_Larve-adila-bipunctata-250514-150x150.jpg\" class=\"attachment-thumbnail size-thumbnail\" alt=\"\" decoding=\"async\" aria-describedby=\"gallery-1-731\" loading=\"lazy\" \/><\/a>\n\t\t\t<\/dt>\n\t\t\t\t<dd class='wp-caption-text gallery-caption' id='gallery-1-731'>\n\t\t\t\tLarve 2-Punkt\n\t\t\t\t<\/dd><\/dl>\n\t\t\t<br style='clear: both' \/>\n\t\t<\/div>\n\n<p>Weiterer Text hierzu folgt.<\/p>\n","protected":false},"excerpt":{"rendered":"<p>Die L\u00e4use auf unseren Dicken Bohnen im Nutzgarten und auf den Margeriten im Kr\u00e4uterrasen als gefundenes Fressen der Marienk\u00e4fer haben wohl dazu gef\u00fchrt, dass es heute ein regelrechtes Marienk\u00e4fer-Fotoshooting gab. Deutlich \u00fcberwog hierbei der asiatisch Einwanderer namens Harmonia axyridis. Die Fotogalerie zeigt die unglaubliche Variabilit\u00e4t dieser Art.<\/p>\n","protected":false},"author":2,"featured_media":750,"comment_status":"closed","ping_status":"closed","sticky":false,"template":"","format":"standard","meta":{"footnotes":""},"categories":[1],"tags":[354,352,349,351,355,348,356,353],"_links":{"self":[{"href":"https:\/\/naturgartenblog.wgrverlag.de\/index.php?rest_route=\/wp\/v2\/posts\/752"}],"collection":[{"href":"https:\/\/naturgartenblog.wgrverlag.de\/index.php?rest_route=\/wp\/v2\/posts"}],"about":[{"href":"https:\/\/naturgartenblog.wgrverlag.de\/index.php?rest_route=\/wp\/v2\/types\/post"}],"author":[{"embeddable":true,"href":"https:\/\/naturgartenblog.wgrverlag.de\/index.php?rest_route=\/wp\/v2\/users\/2"}],"replies":[{"embeddable":true,"href":"https:\/\/naturgartenblog.wgrverlag.de\/index.php?rest_route=%2Fwp%2Fv2%2Fcomments&post=752"}],"version-history":[{"count":3,"href":"https:\/\/naturgartenblog.wgrverlag.de\/index.php?rest_route=\/wp\/v2\/posts\/752\/revisions"}],"predecessor-version":[{"id":767,"href":"https:\/\/naturgartenblog.wgrverlag.de\/index.php?rest_route=\/wp\/v2\/posts\/752\/revisions\/767"}],"wp:featuredmedia":[{"embeddable":true,"href":"https:\/\/naturgartenblog.wgrverlag.de\/index.php?rest_route=\/wp\/v2\/media\/750"}],"wp:attachment":[{"href":"https:\/\/naturgartenblog.wgrverlag.de\/index.php?rest_route=%2Fwp%2Fv2%2Fmedia&parent=752"}],"wp:term":[{"taxonomy":"category","embeddable":true,"href":"https:\/\/naturgartenblog.wgrverlag.de\/index.php?rest_route=%2Fwp%2Fv2%2Fcategories&post=752"},{"taxonomy":"post_tag","embeddable":true,"href":"https:\/\/naturgartenblog.wgrverlag.de\/index.php?rest_route=%2Fwp%2Fv2%2Ftags&post=752"}],"curies":[{"name":"wp","href":"https:\/\/api.w.org\/{rel}","templated":true}]}}