{"id":724,"date":"2014-05-25T19:26:33","date_gmt":"2014-05-25T17:26:33","guid":{"rendered":"http:\/\/naturgartenblog.wgrverlag.de\/?p=724"},"modified":"2014-05-26T16:37:53","modified_gmt":"2014-05-26T14:37:53","slug":"kaefer-sonnen-sonntag","status":"publish","type":"post","link":"https:\/\/naturgartenblog.wgrverlag.de\/?p=724","title":{"rendered":"K\u00e4fer-Sonnen-Sonntag"},"content":{"rendered":"<p style=\"text-align: justify;\">Ganz sch\u00f6n was los war heute, besonders bei den K\u00e4fern. Gleich zwei neue Arten haben sich pr\u00e4sentiert. Aus der Familie der Bockk\u00e4fer fand sich im Margaritenmeer unseres Kr\u00e4uterrasens der Gefleckte Schmalbock ein.<\/p>\n<div id=\"attachment_722\" style=\"width: 510px\" class=\"wp-caption aligncenter\"><a href=\"http:\/\/naturgartenblog.wgrverlag.de\/wp-content\/uploads\/2014\/05\/Rutpela-maculata-250514.jpg\"><img aria-describedby=\"caption-attachment-722\" decoding=\"async\" loading=\"lazy\" class=\"wp-image-722\" src=\"http:\/\/naturgartenblog.wgrverlag.de\/wp-content\/uploads\/2014\/05\/Rutpela-maculata-250514-300x240.jpg\" alt=\"Rutpela maculata 250514\" width=\"500\" height=\"401\" srcset=\"https:\/\/naturgartenblog.wgrverlag.de\/wp-content\/uploads\/2014\/05\/Rutpela-maculata-250514-300x240.jpg 300w, https:\/\/naturgartenblog.wgrverlag.de\/wp-content\/uploads\/2014\/05\/Rutpela-maculata-250514-624x501.jpg 624w, https:\/\/naturgartenblog.wgrverlag.de\/wp-content\/uploads\/2014\/05\/Rutpela-maculata-250514.jpg 1000w\" sizes=\"(max-width: 500px) 100vw, 500px\" \/><\/a><p id=\"caption-attachment-722\" class=\"wp-caption-text\">Rutpela maculata &#8211; Gefleckter Schmalbock &#8211;<\/p><\/div>\n<p><!--more--><\/p>\n<p style=\"text-align: justify;\">Sch\u00f6n ist der Gefleckte Schmalbock, wie viele Vertreter der Familie der Bockk\u00e4fer. In moderndem Holz, besonders von Laubb\u00e4umen lebt er und besucht gern die umliegenden Bl\u00fcten. F\u00fcr ihn muss unser Garten ein wahres Paradies sein, genau auf seine Lebensumst\u00e4nde zugeschnitten, ein Biotop wie auf den Leib geschnitten.<\/p>\n<div id=\"attachment_723\" style=\"width: 410px\" class=\"wp-caption aligncenter\"><a href=\"http:\/\/naturgartenblog.wgrverlag.de\/wp-content\/uploads\/2014\/05\/Schizotus-pectinicornis-250514.jpg\"><img aria-describedby=\"caption-attachment-723\" decoding=\"async\" loading=\"lazy\" class=\"wp-image-723\" src=\"http:\/\/naturgartenblog.wgrverlag.de\/wp-content\/uploads\/2014\/05\/Schizotus-pectinicornis-250514.jpg\" alt=\"Schizotus pectinicornis 250514\" width=\"400\" height=\"404\" srcset=\"https:\/\/naturgartenblog.wgrverlag.de\/wp-content\/uploads\/2014\/05\/Schizotus-pectinicornis-250514.jpg 850w, https:\/\/naturgartenblog.wgrverlag.de\/wp-content\/uploads\/2014\/05\/Schizotus-pectinicornis-250514-297x300.jpg 297w, https:\/\/naturgartenblog.wgrverlag.de\/wp-content\/uploads\/2014\/05\/Schizotus-pectinicornis-250514-624x629.jpg 624w\" sizes=\"(max-width: 400px) 100vw, 400px\" \/><\/a><p id=\"caption-attachment-723\" class=\"wp-caption-text\">Schizotus pectinicornis -Orangefarbener Feuerk\u00e4fer &#8211;<\/p><\/div>\n<p>Auch der Orangefarbene Feuerk\u00e4fer sieht mit seinen F\u00fchlern sehr interessant aus. Ebenfalls eine hier erstmals entdeckte Art. Der kleinste unserer drei einheimischen Feuerk\u00e4fer wird wegen seiner Gr\u00f6\u00dfe auch Kleiner Feuerk\u00e4fer genannt.<\/p>\n","protected":false},"excerpt":{"rendered":"<p>Ganz sch\u00f6n was los war heute, besonders bei den K\u00e4fern. Gleich zwei neue Arten haben sich pr\u00e4sentiert. Aus der Familie der Bockk\u00e4fer fand sich im Margaritenmeer unseres Kr\u00e4uterrasens der Gefleckte Schmalbock ein.<\/p>\n","protected":false},"author":2,"featured_media":0,"comment_status":"closed","ping_status":"closed","sticky":false,"template":"","format":"standard","meta":{"footnotes":""},"categories":[3,31,12,8],"tags":[343,345,347,344,346],"_links":{"self":[{"href":"https:\/\/naturgartenblog.wgrverlag.de\/index.php?rest_route=\/wp\/v2\/posts\/724"}],"collection":[{"href":"https:\/\/naturgartenblog.wgrverlag.de\/index.php?rest_route=\/wp\/v2\/posts"}],"about":[{"href":"https:\/\/naturgartenblog.wgrverlag.de\/index.php?rest_route=\/wp\/v2\/types\/post"}],"author":[{"embeddable":true,"href":"https:\/\/naturgartenblog.wgrverlag.de\/index.php?rest_route=\/wp\/v2\/users\/2"}],"replies":[{"embeddable":true,"href":"https:\/\/naturgartenblog.wgrverlag.de\/index.php?rest_route=%2Fwp%2Fv2%2Fcomments&post=724"}],"version-history":[{"count":2,"href":"https:\/\/naturgartenblog.wgrverlag.de\/index.php?rest_route=\/wp\/v2\/posts\/724\/revisions"}],"predecessor-version":[{"id":784,"href":"https:\/\/naturgartenblog.wgrverlag.de\/index.php?rest_route=\/wp\/v2\/posts\/724\/revisions\/784"}],"wp:attachment":[{"href":"https:\/\/naturgartenblog.wgrverlag.de\/index.php?rest_route=%2Fwp%2Fv2%2Fmedia&parent=724"}],"wp:term":[{"taxonomy":"category","embeddable":true,"href":"https:\/\/naturgartenblog.wgrverlag.de\/index.php?rest_route=%2Fwp%2Fv2%2Fcategories&post=724"},{"taxonomy":"post_tag","embeddable":true,"href":"https:\/\/naturgartenblog.wgrverlag.de\/index.php?rest_route=%2Fwp%2Fv2%2Ftags&post=724"}],"curies":[{"name":"wp","href":"https:\/\/api.w.org\/{rel}","templated":true}]}}