{"id":689,"date":"2014-04-25T19:55:43","date_gmt":"2014-04-25T17:55:43","guid":{"rendered":"http:\/\/naturgartenblog.wgrverlag.de\/?p=689"},"modified":"2014-05-15T13:03:46","modified_gmt":"2014-05-15T11:03:46","slug":"goldgraeberstimmung","status":"publish","type":"post","link":"https:\/\/naturgartenblog.wgrverlag.de\/?p=689","title":{"rendered":"Goldgr\u00e4berstimmung?"},"content":{"rendered":"<p>Gold und graben, ja das trifft zu, von einer Goldgr\u00e4berstimmung zu sprechen, das w\u00e4re aber ein wenig \u00fcbertrieben. Eine gro\u00dfe Schubkarrenladung voll mit Kanadischer Goldrute habe ich samt Wurzel ausgegraben.<\/p>\n<div id=\"attachment_667\" style=\"width: 310px\" class=\"wp-caption aligncenter\"><a href=\"http:\/\/naturgartenblog.wgrverlag.de\/wp-content\/uploads\/2014\/05\/Kanadische-Goldrute.jpg\"><img aria-describedby=\"caption-attachment-667\" decoding=\"async\" loading=\"lazy\" class=\"wp-image-667 size-medium\" src=\"http:\/\/naturgartenblog.wgrverlag.de\/wp-content\/uploads\/2014\/05\/Kanadische-Goldrute-300x225.jpg\" alt=\"250414\" width=\"300\" height=\"225\" srcset=\"https:\/\/naturgartenblog.wgrverlag.de\/wp-content\/uploads\/2014\/05\/Kanadische-Goldrute-300x225.jpg 300w, https:\/\/naturgartenblog.wgrverlag.de\/wp-content\/uploads\/2014\/05\/Kanadische-Goldrute-624x468.jpg 624w, https:\/\/naturgartenblog.wgrverlag.de\/wp-content\/uploads\/2014\/05\/Kanadische-Goldrute.jpg 800w\" sizes=\"(max-width: 300px) 100vw, 300px\" \/><\/a><p id=\"caption-attachment-667\" class=\"wp-caption-text\">Kanadische Goldrute ausgegraben<\/p><\/div>\n<p style=\"text-align: justify;\"><!--more-->Sicher habe ich schon \u00fcber die Goldrute geschrieben. Sie gilt als invasiver Neophyt und in der Tat, ich habe die Erfahrung gemacht, dass diese Pflanze sich unheimlich schnell ausbreitet und dabei die einheimischen Pflanzen verdr\u00e4ngt. Im Vorjahr war ich den Empfehlungen gefolgt und habe sie zweimal im Jahr abgem\u00e4ht, besonders habe ich darauf geachtet, dass sie nach der Bl\u00fcte keine Samen tragen konnte. Bei gr\u00f6\u00dferen Horsten hatte ich die Pflanzen auch ausgehackt. Offenbar sind aber noch soviele Wurzeln und Samen in der Erde, dass sie sich schnell wieder ausgebreitet haben. Allerdings habe ich auf meiner Aussaatfl\u00e4che, die ich vor der Saat mehrmals mit der Fr\u00e4se bearbeitet hatte, noch keine Goldruten gefunden. Vielleicht l\u00e4sst sie sich ja weiter zur\u00fcckdr\u00e4ngen.<\/p>\n","protected":false},"excerpt":{"rendered":"<p>Gold und graben, ja das trifft zu, von einer Goldgr\u00e4berstimmung zu sprechen, das w\u00e4re aber ein wenig \u00fcbertrieben. Eine gro\u00dfe Schubkarrenladung voll mit Kanadischer Goldrute habe ich samt Wurzel ausgegraben.<\/p>\n","protected":false},"author":2,"featured_media":0,"comment_status":"closed","ping_status":"closed","sticky":false,"template":"","format":"standard","meta":{"footnotes":""},"categories":[7],"tags":[124,122,123,324],"_links":{"self":[{"href":"https:\/\/naturgartenblog.wgrverlag.de\/index.php?rest_route=\/wp\/v2\/posts\/689"}],"collection":[{"href":"https:\/\/naturgartenblog.wgrverlag.de\/index.php?rest_route=\/wp\/v2\/posts"}],"about":[{"href":"https:\/\/naturgartenblog.wgrverlag.de\/index.php?rest_route=\/wp\/v2\/types\/post"}],"author":[{"embeddable":true,"href":"https:\/\/naturgartenblog.wgrverlag.de\/index.php?rest_route=\/wp\/v2\/users\/2"}],"replies":[{"embeddable":true,"href":"https:\/\/naturgartenblog.wgrverlag.de\/index.php?rest_route=%2Fwp%2Fv2%2Fcomments&post=689"}],"version-history":[{"count":2,"href":"https:\/\/naturgartenblog.wgrverlag.de\/index.php?rest_route=\/wp\/v2\/posts\/689\/revisions"}],"predecessor-version":[{"id":691,"href":"https:\/\/naturgartenblog.wgrverlag.de\/index.php?rest_route=\/wp\/v2\/posts\/689\/revisions\/691"}],"wp:attachment":[{"href":"https:\/\/naturgartenblog.wgrverlag.de\/index.php?rest_route=%2Fwp%2Fv2%2Fmedia&parent=689"}],"wp:term":[{"taxonomy":"category","embeddable":true,"href":"https:\/\/naturgartenblog.wgrverlag.de\/index.php?rest_route=%2Fwp%2Fv2%2Fcategories&post=689"},{"taxonomy":"post_tag","embeddable":true,"href":"https:\/\/naturgartenblog.wgrverlag.de\/index.php?rest_route=%2Fwp%2Fv2%2Ftags&post=689"}],"curies":[{"name":"wp","href":"https:\/\/api.w.org\/{rel}","templated":true}]}}