{"id":588,"date":"2014-04-28T18:19:08","date_gmt":"2014-04-28T16:19:08","guid":{"rendered":"http:\/\/naturgartenblog.wgrverlag.de\/?p=588"},"modified":"2014-05-06T12:18:59","modified_gmt":"2014-05-06T10:18:59","slug":"nachwuchs-vom-brennesselfresser","status":"publish","type":"post","link":"https:\/\/naturgartenblog.wgrverlag.de\/?p=588","title":{"rendered":"Nachwuchs vom Brennesselfresser"},"content":{"rendered":"<p style=\"text-align: justify;\">W\u00e4hrend ich im vergangenen Jahr nur einige wenige Raupen vom Kleinen Fuchs gefunden hatte, gibt es jetzt auf den Brennesseln eine wahre \u00dcberbev\u00f6lkerung. Hier ein paar Fotos von diesen &#8222;Brennesselfressern&#8220;.<\/p>\n<p style=\"text-align: center;\"><a href=\"http:\/\/naturgartenblog.wgrverlag.de\/wp-content\/uploads\/2014\/04\/Raupen-Gielsdorf-4.jpg\"><img decoding=\"async\" loading=\"lazy\" class=\"aligncenter  wp-image-587\" alt=\"Raupen Gielsdorf 4\" src=\"http:\/\/naturgartenblog.wgrverlag.de\/wp-content\/uploads\/2014\/04\/Raupen-Gielsdorf-4.jpg\" width=\"480\" height=\"306\" srcset=\"https:\/\/naturgartenblog.wgrverlag.de\/wp-content\/uploads\/2014\/04\/Raupen-Gielsdorf-4.jpg 600w, https:\/\/naturgartenblog.wgrverlag.de\/wp-content\/uploads\/2014\/04\/Raupen-Gielsdorf-4-300x191.jpg 300w\" sizes=\"(max-width: 480px) 100vw, 480px\" \/><\/a><\/p>\n<p style=\"text-align: justify;\">Hier bin ich mir bei den gelben Streifen auf der dunklen Raupe recht sicher, dass es sich um Raupen vom Kleinen Fuchs handelt, zumal ich auf dem Grundst\u00fcck einige Exemplare dieser Edelfalterart habe fliegen sehen. <!--more--><\/p>\n<p style=\"text-align: justify;\">Bei anderen Raupen im gleichen Bereich, teils auf denselben Brennesseln war ich mir nicht so sicher. Das folgende Foto beispielsweise l\u00e4sst keine gelblichen L\u00e4ngslinien erkennen. Mit den hellen Punkten ohne Linie \u00e4hnelt die Raupe ein wenig der Tagpfauenaugenraupe. Es gibt aber offenbar auch solche dunklen Exemplare vom Kleinen Fuchs, nahezu ohne gelbe Linie. Es ist jedenfalls mittig eine durchgehende dunkle Linie erkennbar.<\/p>\n<p style=\"text-align: center;\"><a href=\"http:\/\/naturgartenblog.wgrverlag.de\/wp-content\/uploads\/2014\/04\/Raupen-Gielsdorf-3.jpg\"><img decoding=\"async\" loading=\"lazy\" class=\"aligncenter  wp-image-586\" alt=\"Raupen Gielsdorf 3\" src=\"http:\/\/naturgartenblog.wgrverlag.de\/wp-content\/uploads\/2014\/04\/Raupen-Gielsdorf-3.jpg\" width=\"480\" height=\"536\" srcset=\"https:\/\/naturgartenblog.wgrverlag.de\/wp-content\/uploads\/2014\/04\/Raupen-Gielsdorf-3.jpg 600w, https:\/\/naturgartenblog.wgrverlag.de\/wp-content\/uploads\/2014\/04\/Raupen-Gielsdorf-3-268x300.jpg 268w\" sizes=\"(max-width: 480px) 100vw, 480px\" \/><\/a><\/p>\n<p style=\"text-align: justify;\">Die Raupe auf dem n\u00e4chsten Foto hat auch noch bl\u00e4uliche Querstreifen, was mich bei der Bestimmung noch ein wenig unsicherer werden lie\u00df. Ich hatte daher die Fotos an Walter Sch\u00f6ne geschickt, der eine sehr interessante Seite zum Thema unterh\u00e4lt: <a title=\"Schmetterling-Raupe.de\" href=\"http:\/\/www.schmetterling-raupe.de\/\">schmetterling-raupe.de <\/a><\/p>\n<p style=\"text-align: justify;\">Er schreibt mir, dass er bei dieser Farbvariante hinsichtlich der Bestimmung auch zun\u00e4chst gez\u00f6gert hat, aber die Raupen f\u00fcr solche vom Kleinen Fuchs h\u00e4lt.<\/p>\n<p style=\"text-align: center;\"><a href=\"http:\/\/naturgartenblog.wgrverlag.de\/wp-content\/uploads\/2014\/04\/Raupen-Gielsdorf-2.jpg\"><img decoding=\"async\" loading=\"lazy\" class=\"aligncenter  wp-image-585\" alt=\"Raupen Gielsdorf 2\" src=\"http:\/\/naturgartenblog.wgrverlag.de\/wp-content\/uploads\/2014\/04\/Raupen-Gielsdorf-2.jpg\" width=\"480\" height=\"696\" srcset=\"https:\/\/naturgartenblog.wgrverlag.de\/wp-content\/uploads\/2014\/04\/Raupen-Gielsdorf-2.jpg 600w, https:\/\/naturgartenblog.wgrverlag.de\/wp-content\/uploads\/2014\/04\/Raupen-Gielsdorf-2-206x300.jpg 206w\" sizes=\"(max-width: 480px) 100vw, 480px\" \/><\/a><\/p>\n<p>\u00a0Hier zeigen sich zwei v\u00f6llig unterschiedlich gef\u00e4rbte Raupen auf der gleichen Pflanze.<\/p>\n<p style=\"text-align: center;\"><a href=\"http:\/\/naturgartenblog.wgrverlag.de\/wp-content\/uploads\/2014\/04\/Raupen-Gielsdorf-1.jpg\"><img decoding=\"async\" loading=\"lazy\" class=\"aligncenter  wp-image-584\" alt=\"Raupen Gielsdorf 1\" src=\"http:\/\/naturgartenblog.wgrverlag.de\/wp-content\/uploads\/2014\/04\/Raupen-Gielsdorf-1.jpg\" width=\"560\" height=\"599\" srcset=\"https:\/\/naturgartenblog.wgrverlag.de\/wp-content\/uploads\/2014\/04\/Raupen-Gielsdorf-1.jpg 700w, https:\/\/naturgartenblog.wgrverlag.de\/wp-content\/uploads\/2014\/04\/Raupen-Gielsdorf-1-280x300.jpg 280w, https:\/\/naturgartenblog.wgrverlag.de\/wp-content\/uploads\/2014\/04\/Raupen-Gielsdorf-1-624x667.jpg 624w\" sizes=\"(max-width: 560px) 100vw, 560px\" \/><\/a><\/p>\n","protected":false},"excerpt":{"rendered":"<p>W\u00e4hrend ich im vergangenen Jahr nur einige wenige Raupen vom Kleinen Fuchs gefunden hatte, gibt es jetzt auf den Brennesseln eine wahre \u00dcberbev\u00f6lkerung. Hier ein paar Fotos von diesen &#8222;Brennesselfressern&#8220;. Hier bin ich mir bei den gelben Streifen auf der dunklen Raupe recht sicher, dass es sich um Raupen vom Kleinen Fuchs handelt, zumal ich [&hellip;]<\/p>\n","protected":false},"author":2,"featured_media":0,"comment_status":"closed","ping_status":"closed","sticky":false,"template":"","format":"standard","meta":{"footnotes":""},"categories":[3,12,8,2],"tags":[],"_links":{"self":[{"href":"https:\/\/naturgartenblog.wgrverlag.de\/index.php?rest_route=\/wp\/v2\/posts\/588"}],"collection":[{"href":"https:\/\/naturgartenblog.wgrverlag.de\/index.php?rest_route=\/wp\/v2\/posts"}],"about":[{"href":"https:\/\/naturgartenblog.wgrverlag.de\/index.php?rest_route=\/wp\/v2\/types\/post"}],"author":[{"embeddable":true,"href":"https:\/\/naturgartenblog.wgrverlag.de\/index.php?rest_route=\/wp\/v2\/users\/2"}],"replies":[{"embeddable":true,"href":"https:\/\/naturgartenblog.wgrverlag.de\/index.php?rest_route=%2Fwp%2Fv2%2Fcomments&post=588"}],"version-history":[{"count":5,"href":"https:\/\/naturgartenblog.wgrverlag.de\/index.php?rest_route=\/wp\/v2\/posts\/588\/revisions"}],"predecessor-version":[{"id":590,"href":"https:\/\/naturgartenblog.wgrverlag.de\/index.php?rest_route=\/wp\/v2\/posts\/588\/revisions\/590"}],"wp:attachment":[{"href":"https:\/\/naturgartenblog.wgrverlag.de\/index.php?rest_route=%2Fwp%2Fv2%2Fmedia&parent=588"}],"wp:term":[{"taxonomy":"category","embeddable":true,"href":"https:\/\/naturgartenblog.wgrverlag.de\/index.php?rest_route=%2Fwp%2Fv2%2Fcategories&post=588"},{"taxonomy":"post_tag","embeddable":true,"href":"https:\/\/naturgartenblog.wgrverlag.de\/index.php?rest_route=%2Fwp%2Fv2%2Ftags&post=588"}],"curies":[{"name":"wp","href":"https:\/\/api.w.org\/{rel}","templated":true}]}}