{"id":955,"date":"2015-05-10T22:15:13","date_gmt":"2015-05-10T20:15:13","guid":{"rendered":"http:\/\/naturgartenblog.wgrverlag.de\/?p=955"},"modified":"2015-05-13T16:26:07","modified_gmt":"2015-05-13T14:26:07","slug":"babyleiche-im-wald-gefunden","status":"publish","type":"post","link":"http:\/\/naturgartenblog.wgrverlag.de\/?p=955","title":{"rendered":"&#8222;Babyleiche&#8220; im Wald gefunden"},"content":{"rendered":"<p>Unter einer alten Buche im Biotop Mirbachtal fand ich dieses &#8222;Wollkn\u00e4uel&#8220;:<\/p>\n<div id=\"attachment_954\" style=\"width: 510px\" class=\"wp-caption aligncenter\"><a href=\"http:\/\/naturgartenblog.wgrverlag.de\/wp-content\/uploads\/2015\/05\/eul2.jpg\"><img aria-describedby=\"caption-attachment-954\" decoding=\"async\" loading=\"lazy\" class=\"wp-image-954\" src=\"http:\/\/naturgartenblog.wgrverlag.de\/wp-content\/uploads\/2015\/05\/eul2.jpg\" alt=\"eul2\" width=\"500\" height=\"448\" srcset=\"http:\/\/naturgartenblog.wgrverlag.de\/wp-content\/uploads\/2015\/05\/eul2.jpg 800w, http:\/\/naturgartenblog.wgrverlag.de\/wp-content\/uploads\/2015\/05\/eul2-300x268.jpg 300w, http:\/\/naturgartenblog.wgrverlag.de\/wp-content\/uploads\/2015\/05\/eul2-624x559.jpg 624w\" sizes=\"(max-width: 500px) 100vw, 500px\" \/><\/a><p id=\"caption-attachment-954\" class=\"wp-caption-text\">Waldkauz &#8211; Strix aluco &#8211;<\/p><\/div>\n<p><!--more--><\/p>\n<p style=\"text-align: justify;\">Sch\u00e4tzungsweise drei Wochen alt war dieser kleine Eulenvogel, der leider tot auf dem Boden lag. Verletzungen oder Wunden waren bei dem Kleinen nicht zu sehen. Vielleicht hat es mit dem Fliegen nicht geklappt und der erste Versuch f\u00fchrte zum Absturz.<\/p>\n<p style=\"text-align: justify;\"><a href=\"http:\/\/naturgartenblog.wgrverlag.de\/wp-content\/uploads\/2015\/05\/eul1.jpg\"><img decoding=\"async\" loading=\"lazy\" class=\"aligncenter wp-image-953\" src=\"http:\/\/naturgartenblog.wgrverlag.de\/wp-content\/uploads\/2015\/05\/eul1.jpg\" alt=\"eul1\" width=\"500\" height=\"353\" srcset=\"http:\/\/naturgartenblog.wgrverlag.de\/wp-content\/uploads\/2015\/05\/eul1.jpg 800w, http:\/\/naturgartenblog.wgrverlag.de\/wp-content\/uploads\/2015\/05\/eul1-300x211.jpg 300w, http:\/\/naturgartenblog.wgrverlag.de\/wp-content\/uploads\/2015\/05\/eul1-624x440.jpg 624w\" sizes=\"(max-width: 500px) 100vw, 500px\" \/><\/a>Ganz sicher bin ich mir bei der Bestimmung zwar nicht, aber gerade auch der Fundort spricht f\u00fcr den Waldkauz. In diesem Bereich habe ich schon h\u00e4ufiger den Waldkauz rufen h\u00f6ren. Eigentlich traurig, dass es jetzt einen kleinen Waldkauz weniger gibt, aber andererseits auch erfreulich, dass es ganz sicher eine Brut im Mirbachtal gegeben hat. Vielleicht haben die Geschwister ja \u00fcberlebt.<\/p>\n","protected":false},"excerpt":{"rendered":"<p>Unter einer alten Buche im Biotop Mirbachtal fand ich dieses &#8222;Wollkn\u00e4uel&#8220;:<\/p>\n","protected":false},"author":2,"featured_media":0,"comment_status":"closed","ping_status":"closed","sticky":false,"template":"","format":"standard","meta":{"footnotes":""},"categories":[1,3,426],"tags":[443,44],"_links":{"self":[{"href":"http:\/\/naturgartenblog.wgrverlag.de\/index.php?rest_route=\/wp\/v2\/posts\/955"}],"collection":[{"href":"http:\/\/naturgartenblog.wgrverlag.de\/index.php?rest_route=\/wp\/v2\/posts"}],"about":[{"href":"http:\/\/naturgartenblog.wgrverlag.de\/index.php?rest_route=\/wp\/v2\/types\/post"}],"author":[{"embeddable":true,"href":"http:\/\/naturgartenblog.wgrverlag.de\/index.php?rest_route=\/wp\/v2\/users\/2"}],"replies":[{"embeddable":true,"href":"http:\/\/naturgartenblog.wgrverlag.de\/index.php?rest_route=%2Fwp%2Fv2%2Fcomments&post=955"}],"version-history":[{"count":1,"href":"http:\/\/naturgartenblog.wgrverlag.de\/index.php?rest_route=\/wp\/v2\/posts\/955\/revisions"}],"predecessor-version":[{"id":956,"href":"http:\/\/naturgartenblog.wgrverlag.de\/index.php?rest_route=\/wp\/v2\/posts\/955\/revisions\/956"}],"wp:attachment":[{"href":"http:\/\/naturgartenblog.wgrverlag.de\/index.php?rest_route=%2Fwp%2Fv2%2Fmedia&parent=955"}],"wp:term":[{"taxonomy":"category","embeddable":true,"href":"http:\/\/naturgartenblog.wgrverlag.de\/index.php?rest_route=%2Fwp%2Fv2%2Fcategories&post=955"},{"taxonomy":"post_tag","embeddable":true,"href":"http:\/\/naturgartenblog.wgrverlag.de\/index.php?rest_route=%2Fwp%2Fv2%2Ftags&post=955"}],"curies":[{"name":"wp","href":"https:\/\/api.w.org\/{rel}","templated":true}]}}