{"id":95,"date":"2013-05-07T22:13:13","date_gmt":"2013-05-07T20:13:13","guid":{"rendered":"http:\/\/naturgartenblog.wgrverlag.de\/?p=95"},"modified":"2014-05-06T12:38:07","modified_gmt":"2014-05-06T10:38:07","slug":"endlich-wieder-da","status":"publish","type":"post","link":"http:\/\/naturgartenblog.wgrverlag.de\/?p=95","title":{"rendered":"Endlich wieder da"},"content":{"rendered":"<p>Endlich wieder da, das trifft heute gleich mehrfach zu. Seit l\u00e4ngerer Zeit gab es den von der Natur dringend ben\u00f6tigten kr\u00e4ftigen Regen, rund 25 ml hat es bei uns heute geregnet.<\/p>\n<p>Endlich wieder da ist der <strong>Waldkauz<\/strong>, den ich in diesem Jahr zum erstenmal eindeutig \u00fcber l\u00e4ngere Zeit am Abend rufen geh\u00f6rt habe und zwar in der Richtung wo er im vorigen Jahr auch immer war.<\/p>\n<p>Zus\u00e4tzlich zum Waldkauz war ein Ziepen aus gr\u00f6\u00dferer Entfernung von den Weiden zu h\u00f6ren, vielleicht ein <strong>Steinkauz<\/strong>, aber der Ruf war nicht eindeutig zu erkennen.<\/p>\n<p>Und dann fliegen am Waldrand endlich wieder die<strong> Flederm\u00e4use<\/strong>, die in diesem Jahr noch nicht zu sehen waren. Eine flog ganz in der N\u00e4he des Fledermauskastens an unserem Insektenhotel.<\/p>\n<p>Noch immer nicht da ist bei uns bisher der Kuckuck, den ich hier bisher in diesem Jahr noch nicht geh\u00f6rt habe.<\/p>\n","protected":false},"excerpt":{"rendered":"<p>Endlich wieder da, das trifft heute gleich mehrfach zu. Seit l\u00e4ngerer Zeit gab es den von der Natur dringend ben\u00f6tigten kr\u00e4ftigen Regen, rund 25 ml hat es bei uns heute geregnet. Endlich wieder da ist der Waldkauz, den ich in diesem Jahr zum erstenmal eindeutig \u00fcber l\u00e4ngere Zeit am Abend rufen geh\u00f6rt habe und zwar [&hellip;]<\/p>\n","protected":false},"author":2,"featured_media":0,"comment_status":"closed","ping_status":"closed","sticky":false,"template":"","format":"standard","meta":{"footnotes":""},"categories":[3],"tags":[45,48,47,46,44],"_links":{"self":[{"href":"http:\/\/naturgartenblog.wgrverlag.de\/index.php?rest_route=\/wp\/v2\/posts\/95"}],"collection":[{"href":"http:\/\/naturgartenblog.wgrverlag.de\/index.php?rest_route=\/wp\/v2\/posts"}],"about":[{"href":"http:\/\/naturgartenblog.wgrverlag.de\/index.php?rest_route=\/wp\/v2\/types\/post"}],"author":[{"embeddable":true,"href":"http:\/\/naturgartenblog.wgrverlag.de\/index.php?rest_route=\/wp\/v2\/users\/2"}],"replies":[{"embeddable":true,"href":"http:\/\/naturgartenblog.wgrverlag.de\/index.php?rest_route=%2Fwp%2Fv2%2Fcomments&post=95"}],"version-history":[{"count":3,"href":"http:\/\/naturgartenblog.wgrverlag.de\/index.php?rest_route=\/wp\/v2\/posts\/95\/revisions"}],"predecessor-version":[{"id":639,"href":"http:\/\/naturgartenblog.wgrverlag.de\/index.php?rest_route=\/wp\/v2\/posts\/95\/revisions\/639"}],"wp:attachment":[{"href":"http:\/\/naturgartenblog.wgrverlag.de\/index.php?rest_route=%2Fwp%2Fv2%2Fmedia&parent=95"}],"wp:term":[{"taxonomy":"category","embeddable":true,"href":"http:\/\/naturgartenblog.wgrverlag.de\/index.php?rest_route=%2Fwp%2Fv2%2Fcategories&post=95"},{"taxonomy":"post_tag","embeddable":true,"href":"http:\/\/naturgartenblog.wgrverlag.de\/index.php?rest_route=%2Fwp%2Fv2%2Ftags&post=95"}],"curies":[{"name":"wp","href":"https:\/\/api.w.org\/{rel}","templated":true}]}}