{"id":912,"date":"2015-03-09T23:41:49","date_gmt":"2015-03-09T21:41:49","guid":{"rendered":"http:\/\/naturgartenblog.wgrverlag.de\/?p=912"},"modified":"2015-04-06T23:45:04","modified_gmt":"2015-04-06T21:45:04","slug":"schmetterlinge-und-kroeten-wieder-da","status":"publish","type":"post","link":"http:\/\/naturgartenblog.wgrverlag.de\/?p=912","title":{"rendered":"Schmetterlinge und Kr\u00f6ten wieder da"},"content":{"rendered":"<p>Ein erster w\u00e4rmerer Sonnentag und schon sind die ersten Kr\u00f6ten unterwegs und die ersten Schmetterlinge fliegen umher. Die ersten Erdkr\u00f6ten und Molche sind auf den Tag genau p\u00fcnktlich im Vergleich zum Vorjahr wieder da, allerdings in recht bescheidener Zahl und die ersten Toten hat es auf den Stra\u00dfen auch schon gegeben.<\/p>\n<p>Bei den Schmetterlingen habe ich bis jetzt Zitronenfalter und Kleinen Fuchs gesichtet.<\/p>\n","protected":false},"excerpt":{"rendered":"<p>Ein erster w\u00e4rmerer Sonnentag und schon sind die ersten Kr\u00f6ten unterwegs und die ersten Schmetterlinge fliegen umher. Die ersten Erdkr\u00f6ten und Molche sind auf den Tag genau p\u00fcnktlich im Vergleich zum Vorjahr wieder da, allerdings in recht bescheidener Zahl und die ersten Toten hat es auf den Stra\u00dfen auch schon gegeben. Bei den Schmetterlingen habe [&hellip;]<\/p>\n","protected":false},"author":2,"featured_media":0,"comment_status":"closed","ping_status":"closed","sticky":false,"template":"","format":"standard","meta":{"footnotes":""},"categories":[11,2],"tags":[291,15,16],"_links":{"self":[{"href":"http:\/\/naturgartenblog.wgrverlag.de\/index.php?rest_route=\/wp\/v2\/posts\/912"}],"collection":[{"href":"http:\/\/naturgartenblog.wgrverlag.de\/index.php?rest_route=\/wp\/v2\/posts"}],"about":[{"href":"http:\/\/naturgartenblog.wgrverlag.de\/index.php?rest_route=\/wp\/v2\/types\/post"}],"author":[{"embeddable":true,"href":"http:\/\/naturgartenblog.wgrverlag.de\/index.php?rest_route=\/wp\/v2\/users\/2"}],"replies":[{"embeddable":true,"href":"http:\/\/naturgartenblog.wgrverlag.de\/index.php?rest_route=%2Fwp%2Fv2%2Fcomments&post=912"}],"version-history":[{"count":1,"href":"http:\/\/naturgartenblog.wgrverlag.de\/index.php?rest_route=\/wp\/v2\/posts\/912\/revisions"}],"predecessor-version":[{"id":913,"href":"http:\/\/naturgartenblog.wgrverlag.de\/index.php?rest_route=\/wp\/v2\/posts\/912\/revisions\/913"}],"wp:attachment":[{"href":"http:\/\/naturgartenblog.wgrverlag.de\/index.php?rest_route=%2Fwp%2Fv2%2Fmedia&parent=912"}],"wp:term":[{"taxonomy":"category","embeddable":true,"href":"http:\/\/naturgartenblog.wgrverlag.de\/index.php?rest_route=%2Fwp%2Fv2%2Fcategories&post=912"},{"taxonomy":"post_tag","embeddable":true,"href":"http:\/\/naturgartenblog.wgrverlag.de\/index.php?rest_route=%2Fwp%2Fv2%2Ftags&post=912"}],"curies":[{"name":"wp","href":"https:\/\/api.w.org\/{rel}","templated":true}]}}