{"id":797,"date":"2014-07-04T23:05:49","date_gmt":"2014-07-04T21:05:49","guid":{"rendered":"http:\/\/naturgartenblog.wgrverlag.de\/?p=797"},"modified":"2014-07-06T08:20:39","modified_gmt":"2014-07-06T06:20:39","slug":"riesenschlange-auf-komposthaufen","status":"publish","type":"post","link":"http:\/\/naturgartenblog.wgrverlag.de\/?p=797","title":{"rendered":"Riesenschlange auf Komposthaufen"},"content":{"rendered":"<p>Eine &#8222;Riesenschlange&#8220; zeigte sich auf unserem Komposthaufen.<\/p>\n<div id=\"attachment_796\" style=\"width: 510px\" class=\"wp-caption aligncenter\"><a href=\"http:\/\/naturgartenblog.wgrverlag.de\/wp-content\/uploads\/2014\/07\/Blindschleiche-Anguis-fragilis-04072014.jpg\"><img aria-describedby=\"caption-attachment-796\" decoding=\"async\" loading=\"lazy\" class=\"wp-image-796\" src=\"http:\/\/naturgartenblog.wgrverlag.de\/wp-content\/uploads\/2014\/07\/Blindschleiche-Anguis-fragilis-04072014.jpg\" alt=\"Blindschleiche Anguis fragilis\" width=\"500\" height=\"281\" srcset=\"http:\/\/naturgartenblog.wgrverlag.de\/wp-content\/uploads\/2014\/07\/Blindschleiche-Anguis-fragilis-04072014.jpg 1000w, http:\/\/naturgartenblog.wgrverlag.de\/wp-content\/uploads\/2014\/07\/Blindschleiche-Anguis-fragilis-04072014-300x168.jpg 300w, http:\/\/naturgartenblog.wgrverlag.de\/wp-content\/uploads\/2014\/07\/Blindschleiche-Anguis-fragilis-04072014-624x350.jpg 624w\" sizes=\"(max-width: 500px) 100vw, 500px\" \/><\/a><p id=\"caption-attachment-796\" class=\"wp-caption-text\">Blindschleiche Anguis fragilis<\/p><\/div>\n<p style=\"text-align: justify;\">Auch wenn diese &#8222;Riesenschlange&#8220; keine Schlange, sondern eine Echse ist, sie war schon sehr beeindruckend, wie sie sich \u00fcber unseren Komposthaufen schl\u00e4ngelte. <!--more-->Ein solches Prachtexemplar von einer Blindschleiche habe ich noch selten gesehen. Die war gut 50 cm lang. Amphibien und Reptilien f\u00fchlen sich hier immer wohler. Es lohnt sich Strukturen zu schaffen und schonend zu m\u00e4hen. Wer wei\u00df wieviele Blindschleichen, Eidechsen, Fr\u00f6sche und Kr\u00f6ten der Mulchm\u00e4her schon zerh\u00e4ckselt h\u00e4tte, meine Sense hat in diesem Jahr noch kein Tier erwischt.<\/p>\n<p style=\"text-align: justify;\">Galt die Blindschleiche in der Roten Liste 1999 noch als ungef\u00e4hrdet, so hat man sie in der RL 2011 auf die Vorwarnliste in NRW gesetzt, auch in der Niederrheinischen Bucht steht sie auf der Vorwarnliste. Habitatsverluste und Kontaminationen gelten als Ursachen f\u00fcr den R\u00fcckgang der Art.<\/p>\n","protected":false},"excerpt":{"rendered":"<p>Eine &#8222;Riesenschlange&#8220; zeigte sich auf unserem Komposthaufen. Auch wenn diese &#8222;Riesenschlange&#8220; keine Schlange, sondern eine Echse ist, sie war schon sehr beeindruckend, wie sie sich \u00fcber unseren Komposthaufen schl\u00e4ngelte.<\/p>\n","protected":false},"author":2,"featured_media":0,"comment_status":"closed","ping_status":"closed","sticky":false,"template":"","format":"standard","meta":{"footnotes":""},"categories":[12,10],"tags":[377,297],"_links":{"self":[{"href":"http:\/\/naturgartenblog.wgrverlag.de\/index.php?rest_route=\/wp\/v2\/posts\/797"}],"collection":[{"href":"http:\/\/naturgartenblog.wgrverlag.de\/index.php?rest_route=\/wp\/v2\/posts"}],"about":[{"href":"http:\/\/naturgartenblog.wgrverlag.de\/index.php?rest_route=\/wp\/v2\/types\/post"}],"author":[{"embeddable":true,"href":"http:\/\/naturgartenblog.wgrverlag.de\/index.php?rest_route=\/wp\/v2\/users\/2"}],"replies":[{"embeddable":true,"href":"http:\/\/naturgartenblog.wgrverlag.de\/index.php?rest_route=%2Fwp%2Fv2%2Fcomments&post=797"}],"version-history":[{"count":4,"href":"http:\/\/naturgartenblog.wgrverlag.de\/index.php?rest_route=\/wp\/v2\/posts\/797\/revisions"}],"predecessor-version":[{"id":801,"href":"http:\/\/naturgartenblog.wgrverlag.de\/index.php?rest_route=\/wp\/v2\/posts\/797\/revisions\/801"}],"wp:attachment":[{"href":"http:\/\/naturgartenblog.wgrverlag.de\/index.php?rest_route=%2Fwp%2Fv2%2Fmedia&parent=797"}],"wp:term":[{"taxonomy":"category","embeddable":true,"href":"http:\/\/naturgartenblog.wgrverlag.de\/index.php?rest_route=%2Fwp%2Fv2%2Fcategories&post=797"},{"taxonomy":"post_tag","embeddable":true,"href":"http:\/\/naturgartenblog.wgrverlag.de\/index.php?rest_route=%2Fwp%2Fv2%2Ftags&post=797"}],"curies":[{"name":"wp","href":"https:\/\/api.w.org\/{rel}","templated":true}]}}