{"id":790,"date":"2014-05-31T22:17:53","date_gmt":"2014-05-31T20:17:53","guid":{"rendered":"http:\/\/naturgartenblog.wgrverlag.de\/?p=790"},"modified":"2014-06-29T22:34:09","modified_gmt":"2014-06-29T20:34:09","slug":"schwebfliegentag","status":"publish","type":"post","link":"http:\/\/naturgartenblog.wgrverlag.de\/?p=790","title":{"rendered":"Schwebfliegentag"},"content":{"rendered":"<p style=\"text-align: justify;\">Der letzte Tag des Monats Mai war offenbar ein Freudentag f\u00fcr die Insekten im Garten, insbesondere die Schwebfliegen freuten sich wohl sehr. Es ist unglaublich, welche Vielfalt die Natur uns pr\u00e4sentiert.<\/p>\n<div id=\"attachment_787\" style=\"width: 510px\" class=\"wp-caption aligncenter\"><a href=\"http:\/\/naturgartenblog.wgrverlag.de\/wp-content\/uploads\/2014\/06\/Helophilus-pendulus_31052014.jpg\"><img aria-describedby=\"caption-attachment-787\" decoding=\"async\" loading=\"lazy\" class=\"wp-image-787\" src=\"http:\/\/naturgartenblog.wgrverlag.de\/wp-content\/uploads\/2014\/06\/Helophilus-pendulus_31052014-300x260.jpg\" alt=\"Helophilus pendulus_31052014\" width=\"500\" height=\"434\" srcset=\"http:\/\/naturgartenblog.wgrverlag.de\/wp-content\/uploads\/2014\/06\/Helophilus-pendulus_31052014-300x260.jpg 300w, http:\/\/naturgartenblog.wgrverlag.de\/wp-content\/uploads\/2014\/06\/Helophilus-pendulus_31052014-624x541.jpg 624w, http:\/\/naturgartenblog.wgrverlag.de\/wp-content\/uploads\/2014\/06\/Helophilus-pendulus_31052014.jpg 1000w\" sizes=\"(max-width: 500px) 100vw, 500px\" \/><\/a><p id=\"caption-attachment-787\" class=\"wp-caption-text\">Helophilus pendulus &#8211; Gemeine Sumpfschwebfliege &#8211;<\/p><\/div>\n<p><!--more--><\/p>\n<p style=\"text-align: justify;\">Bei der gro\u00dfen Anzahl der Arten im Bereich der Wildbienen, Hummeln, Schwebfliegen etc. bin ich schon froh, die Arten wenigstens ann\u00e4hernd zu bestimmen. Bei der Sumpfschwebfliege bin ich allerdings doch recht sicher. Auch das zweite Foto d\u00fcrfte ein Exemplar dieser Art zeigen:<\/p>\n<p style=\"text-align: justify;\"><a href=\"http:\/\/naturgartenblog.wgrverlag.de\/wp-content\/uploads\/2014\/06\/Helophilus-pendulus_31052014_2.jpg\"><img decoding=\"async\" loading=\"lazy\" class=\"aligncenter wp-image-788\" src=\"http:\/\/naturgartenblog.wgrverlag.de\/wp-content\/uploads\/2014\/06\/Helophilus-pendulus_31052014_2.jpg\" alt=\"Helophilus pendulus_31052014_2\" width=\"500\" height=\"511\" srcset=\"http:\/\/naturgartenblog.wgrverlag.de\/wp-content\/uploads\/2014\/06\/Helophilus-pendulus_31052014_2.jpg 930w, http:\/\/naturgartenblog.wgrverlag.de\/wp-content\/uploads\/2014\/06\/Helophilus-pendulus_31052014_2-293x300.jpg 293w, http:\/\/naturgartenblog.wgrverlag.de\/wp-content\/uploads\/2014\/06\/Helophilus-pendulus_31052014_2-624x637.jpg 624w\" sizes=\"(max-width: 500px) 100vw, 500px\" \/><\/a>Alle haben sie jedenfalls eine Gemeinsamkeit, sie alle f\u00fchlen sich auf unserem &#8222;Rollrasen&#8220; offenbar sehr wohl. Die Wiesenmargeriten scheinen sie magisch anzuziehen.<\/p>\n<p style=\"text-align: justify;\">Auch bei diesem sich im Landeanflug befindlichen Tierchen d\u00fcrfte es sich um eine\u00a0 Schwebfliegenart handeln. Ich vermute es ist ein Exemplar der Hain-Schwebfliege,<\/p>\n<div id=\"attachment_785\" style=\"width: 490px\" class=\"wp-caption aligncenter\"><a href=\"http:\/\/naturgartenblog.wgrverlag.de\/wp-content\/uploads\/2014\/06\/Episyrhpus-balteatus-Hain_Schwebfliege-31052014.jpg\"><img aria-describedby=\"caption-attachment-785\" decoding=\"async\" loading=\"lazy\" class=\"wp-image-785\" src=\"http:\/\/naturgartenblog.wgrverlag.de\/wp-content\/uploads\/2014\/06\/Episyrhpus-balteatus-Hain_Schwebfliege-31052014.jpg\" alt=\"Episyrhpus balteatus Hain_Schwebfliege 31052014\" width=\"480\" height=\"365\" srcset=\"http:\/\/naturgartenblog.wgrverlag.de\/wp-content\/uploads\/2014\/06\/Episyrhpus-balteatus-Hain_Schwebfliege-31052014.jpg 607w, http:\/\/naturgartenblog.wgrverlag.de\/wp-content\/uploads\/2014\/06\/Episyrhpus-balteatus-Hain_Schwebfliege-31052014-300x227.jpg 300w\" sizes=\"(max-width: 480px) 100vw, 480px\" \/><\/a><p id=\"caption-attachment-785\" class=\"wp-caption-text\">Episyrphus balteatus &#8211; Hainschwebfliege &#8211;<\/p><\/div>\n<p style=\"text-align: justify;\">Auch das folgende Bild zeigt wohl wieder eine Schwebfliegenart, die ich hoffentlich richtig bestimmt habe.<\/p>\n<div id=\"attachment_786\" style=\"width: 510px\" class=\"wp-caption aligncenter\"><a href=\"http:\/\/naturgartenblog.wgrverlag.de\/wp-content\/uploads\/2014\/06\/Eristalis-lineata-Keilfleckschwebfliege-31052014-unklar.jpg\"><img aria-describedby=\"caption-attachment-786\" decoding=\"async\" loading=\"lazy\" class=\"wp-image-786\" src=\"http:\/\/naturgartenblog.wgrverlag.de\/wp-content\/uploads\/2014\/06\/Eristalis-lineata-Keilfleckschwebfliege-31052014-unklar.jpg\" alt=\"Eristalis lineata Keilfleckschwebfliege 31052014 unklar\" width=\"500\" height=\"542\" srcset=\"http:\/\/naturgartenblog.wgrverlag.de\/wp-content\/uploads\/2014\/06\/Eristalis-lineata-Keilfleckschwebfliege-31052014-unklar.jpg 923w, http:\/\/naturgartenblog.wgrverlag.de\/wp-content\/uploads\/2014\/06\/Eristalis-lineata-Keilfleckschwebfliege-31052014-unklar-276x300.jpg 276w, http:\/\/naturgartenblog.wgrverlag.de\/wp-content\/uploads\/2014\/06\/Eristalis-lineata-Keilfleckschwebfliege-31052014-unklar-624x676.jpg 624w\" sizes=\"(max-width: 500px) 100vw, 500px\" \/><\/a><p id=\"caption-attachment-786\" class=\"wp-caption-text\">Eristalis lineata &#8211; Keilfleckschwebfliege &#8211;<\/p><\/div>\n<p style=\"text-align: justify;\">Beim n\u00e4chsten Foto m\u00f6chte ich zun\u00e4chst auf einen Bestimmungsversuch verzichten. Zu vielf\u00e4ltig ist die Welt der Insekten, jedenfalls sind auch die Glockenblumen hei\u00df begehrt.<\/p>\n<div id=\"attachment_789\" style=\"width: 510px\" class=\"wp-caption aligncenter\"><a href=\"http:\/\/naturgartenblog.wgrverlag.de\/wp-content\/uploads\/2014\/06\/Insekt-unbest-310514.jpg\"><img aria-describedby=\"caption-attachment-789\" decoding=\"async\" loading=\"lazy\" class=\"wp-image-789\" src=\"http:\/\/naturgartenblog.wgrverlag.de\/wp-content\/uploads\/2014\/06\/Insekt-unbest-310514.jpg\" alt=\"Insekt unbest 310514\" width=\"500\" height=\"463\" srcset=\"http:\/\/naturgartenblog.wgrverlag.de\/wp-content\/uploads\/2014\/06\/Insekt-unbest-310514.jpg 1079w, http:\/\/naturgartenblog.wgrverlag.de\/wp-content\/uploads\/2014\/06\/Insekt-unbest-310514-300x278.jpg 300w, http:\/\/naturgartenblog.wgrverlag.de\/wp-content\/uploads\/2014\/06\/Insekt-unbest-310514-1024x949.jpg 1024w, http:\/\/naturgartenblog.wgrverlag.de\/wp-content\/uploads\/2014\/06\/Insekt-unbest-310514-624x578.jpg 624w\" sizes=\"(max-width: 500px) 100vw, 500px\" \/><\/a><p id=\"caption-attachment-789\" class=\"wp-caption-text\">Insekt unbestimmt<\/p><\/div>\n","protected":false},"excerpt":{"rendered":"<p>Der letzte Tag des Monats Mai war offenbar ein Freudentag f\u00fcr die Insekten im Garten, insbesondere die Schwebfliegen freuten sich wohl sehr. Es ist unglaublich, welche Vielfalt die Natur uns pr\u00e4sentiert.<\/p>\n","protected":false},"author":2,"featured_media":0,"comment_status":"closed","ping_status":"closed","sticky":false,"template":"","format":"standard","meta":{"footnotes":""},"categories":[1],"tags":[372,370,373,371,374,369,368],"_links":{"self":[{"href":"http:\/\/naturgartenblog.wgrverlag.de\/index.php?rest_route=\/wp\/v2\/posts\/790"}],"collection":[{"href":"http:\/\/naturgartenblog.wgrverlag.de\/index.php?rest_route=\/wp\/v2\/posts"}],"about":[{"href":"http:\/\/naturgartenblog.wgrverlag.de\/index.php?rest_route=\/wp\/v2\/types\/post"}],"author":[{"embeddable":true,"href":"http:\/\/naturgartenblog.wgrverlag.de\/index.php?rest_route=\/wp\/v2\/users\/2"}],"replies":[{"embeddable":true,"href":"http:\/\/naturgartenblog.wgrverlag.de\/index.php?rest_route=%2Fwp%2Fv2%2Fcomments&post=790"}],"version-history":[{"count":2,"href":"http:\/\/naturgartenblog.wgrverlag.de\/index.php?rest_route=\/wp\/v2\/posts\/790\/revisions"}],"predecessor-version":[{"id":792,"href":"http:\/\/naturgartenblog.wgrverlag.de\/index.php?rest_route=\/wp\/v2\/posts\/790\/revisions\/792"}],"wp:attachment":[{"href":"http:\/\/naturgartenblog.wgrverlag.de\/index.php?rest_route=%2Fwp%2Fv2%2Fmedia&parent=790"}],"wp:term":[{"taxonomy":"category","embeddable":true,"href":"http:\/\/naturgartenblog.wgrverlag.de\/index.php?rest_route=%2Fwp%2Fv2%2Fcategories&post=790"},{"taxonomy":"post_tag","embeddable":true,"href":"http:\/\/naturgartenblog.wgrverlag.de\/index.php?rest_route=%2Fwp%2Fv2%2Ftags&post=790"}],"curies":[{"name":"wp","href":"https:\/\/api.w.org\/{rel}","templated":true}]}}