{"id":718,"date":"2014-05-18T23:00:50","date_gmt":"2014-05-18T21:00:50","guid":{"rendered":"http:\/\/naturgartenblog.wgrverlag.de\/?p=718"},"modified":"2014-05-21T23:12:11","modified_gmt":"2014-05-21T21:12:11","slug":"gelbwuerfligen-dickkopffalter-auch-wiederentdeckt","status":"publish","type":"post","link":"http:\/\/naturgartenblog.wgrverlag.de\/?p=718","title":{"rendered":"Gelbw\u00fcrfligen Dickkopffalter auch wiederentdeckt"},"content":{"rendered":"<p style=\"text-align: justify;\">Wieder so ein Zufallsfund mit einem Foto aus gr\u00f6\u00dferer Entfernung, weil dieser Schmetterling einfach nicht ruhig sitzen wollte. Entdeckt habe ich ihn in der N\u00e4he des Bachufers im Biotop Mirbachtal.<\/p>\n<div id=\"attachment_711\" style=\"width: 310px\" class=\"wp-caption aligncenter\"><a href=\"http:\/\/naturgartenblog.wgrverlag.de\/wp-content\/uploads\/2014\/05\/gelbw\u00fcrfeliger-dickkopffalter.jpg\"><img aria-describedby=\"caption-attachment-711\" decoding=\"async\" loading=\"lazy\" class=\"wp-image-711 size-medium\" src=\"http:\/\/naturgartenblog.wgrverlag.de\/wp-content\/uploads\/2014\/05\/gelbw\u00fcrfeliger-dickkopffalter-300x278.jpg\" alt=\"gelbw\u00fcrfeliger dickkopffalter\" width=\"300\" height=\"278\" srcset=\"http:\/\/naturgartenblog.wgrverlag.de\/wp-content\/uploads\/2014\/05\/gelbw\u00fcrfeliger-dickkopffalter-300x278.jpg 300w, http:\/\/naturgartenblog.wgrverlag.de\/wp-content\/uploads\/2014\/05\/gelbw\u00fcrfeliger-dickkopffalter.jpg 307w\" sizes=\"(max-width: 300px) 100vw, 300px\" \/><\/a><p id=\"caption-attachment-711\" class=\"wp-caption-text\">Gelbw\u00fcrfeliger Dickkopffalter (Carterocephalus palaemon)<\/p><\/div>\n<p><!--more--><\/p>\n<p style=\"text-align: justify;\">Das Foto sollte zur Bestimmung ausreichen, ganz gut erkennt man die K\u00f6rperform des Dickkopffalters und die Flecken sind auch zu sehen. Ich bin mir hier recht sicher, dass es keine Verwechslung gibt. Zum Gr\u00f6\u00dfenvergleich hatte ich auf dem Foto daneben noch eine Schnecke sitzen. \u00dcber das Wiedersehen mit diesem kleinen Falter freue ich mich besonders, weil auch er in der Roten Liste NRW als gef\u00e4hrdet eingestuft ist. Am Abend haben sich hier etliche Falter verschiedener Arten am Bachlauf am Waldrand gesonnt. Luftlinie liegt der Fundort rund 150 Meter von unserem Garten entfernt, bis zur Obstwiese, wo ich diese Art im Vorjahr gesehen hatte, sind es vielleicht 200 Meter. Ich hatte schon mehrmals im Garten in den letzten Wochen einen \u00e4hnlichen Falter gesehen, konnte ihn aber nicht richtig beobachten oder fotografieren, war er zu unruhig war. Ich habe mich dann \u00fcberreden lassen, dass es ein Waldbrettspiel gewesen sein m\u00fcsste. Ich bin mir aber nun recht sicher, dass diese Art auch schon im Garten war, aber das reicht nicht f\u00fcr eine eindeutige Artbestimmung.<\/p>\n","protected":false},"excerpt":{"rendered":"<p>Wieder so ein Zufallsfund mit einem Foto aus gr\u00f6\u00dferer Entfernung, weil dieser Schmetterling einfach nicht ruhig sitzen wollte. Entdeckt habe ich ihn in der N\u00e4he des Bachufers im Biotop Mirbachtal.<\/p>\n","protected":false},"author":2,"featured_media":0,"comment_status":"closed","ping_status":"closed","sticky":false,"template":"","format":"standard","meta":{"footnotes":""},"categories":[1],"tags":[],"_links":{"self":[{"href":"http:\/\/naturgartenblog.wgrverlag.de\/index.php?rest_route=\/wp\/v2\/posts\/718"}],"collection":[{"href":"http:\/\/naturgartenblog.wgrverlag.de\/index.php?rest_route=\/wp\/v2\/posts"}],"about":[{"href":"http:\/\/naturgartenblog.wgrverlag.de\/index.php?rest_route=\/wp\/v2\/types\/post"}],"author":[{"embeddable":true,"href":"http:\/\/naturgartenblog.wgrverlag.de\/index.php?rest_route=\/wp\/v2\/users\/2"}],"replies":[{"embeddable":true,"href":"http:\/\/naturgartenblog.wgrverlag.de\/index.php?rest_route=%2Fwp%2Fv2%2Fcomments&post=718"}],"version-history":[{"count":1,"href":"http:\/\/naturgartenblog.wgrverlag.de\/index.php?rest_route=\/wp\/v2\/posts\/718\/revisions"}],"predecessor-version":[{"id":719,"href":"http:\/\/naturgartenblog.wgrverlag.de\/index.php?rest_route=\/wp\/v2\/posts\/718\/revisions\/719"}],"wp:attachment":[{"href":"http:\/\/naturgartenblog.wgrverlag.de\/index.php?rest_route=%2Fwp%2Fv2%2Fmedia&parent=718"}],"wp:term":[{"taxonomy":"category","embeddable":true,"href":"http:\/\/naturgartenblog.wgrverlag.de\/index.php?rest_route=%2Fwp%2Fv2%2Fcategories&post=718"},{"taxonomy":"post_tag","embeddable":true,"href":"http:\/\/naturgartenblog.wgrverlag.de\/index.php?rest_route=%2Fwp%2Fv2%2Ftags&post=718"}],"curies":[{"name":"wp","href":"https:\/\/api.w.org\/{rel}","templated":true}]}}