{"id":682,"date":"2014-05-07T18:37:37","date_gmt":"2014-05-07T16:37:37","guid":{"rendered":"http:\/\/naturgartenblog.wgrverlag.de\/?p=682"},"modified":"2014-05-15T12:42:34","modified_gmt":"2014-05-15T10:42:34","slug":"zottiger-bienenkaefer-auf-pferdeweide","status":"publish","type":"post","link":"http:\/\/naturgartenblog.wgrverlag.de\/?p=682","title":{"rendered":"Zottiger Bienenk\u00e4fer auf Pferdeweide"},"content":{"rendered":"<p style=\"text-align: justify;\">Neben der Obstwiese unseres Nutzgartens zeigte sich heute der Zottige Bienenk\u00e4fer auch auf am Rand der Pferdeweiden als Bl\u00fctenbesucher. \u00dcber diese K\u00e4ferart habe ich ja schon geschrieben. Jedenfalls scheint er sich in der Umgebung nach 2013 auch in diesem Jahr zu etablieren.<\/p>\n<div id=\"attachment_670\" style=\"width: 310px\" class=\"wp-caption aligncenter\"><a href=\"http:\/\/naturgartenblog.wgrverlag.de\/wp-content\/uploads\/2014\/05\/Zottiger-Bienenk\u00e4fer-Pferdeweide.jpg\"><img aria-describedby=\"caption-attachment-670\" decoding=\"async\" loading=\"lazy\" class=\"wp-image-670 size-medium\" src=\"http:\/\/naturgartenblog.wgrverlag.de\/wp-content\/uploads\/2014\/05\/Zottiger-Bienenk\u00e4fer-Pferdeweide-300x276.jpg\" alt=\"070514\" width=\"300\" height=\"276\" srcset=\"http:\/\/naturgartenblog.wgrverlag.de\/wp-content\/uploads\/2014\/05\/Zottiger-Bienenk\u00e4fer-Pferdeweide-300x276.jpg 300w, http:\/\/naturgartenblog.wgrverlag.de\/wp-content\/uploads\/2014\/05\/Zottiger-Bienenk\u00e4fer-Pferdeweide-624x574.jpg 624w, http:\/\/naturgartenblog.wgrverlag.de\/wp-content\/uploads\/2014\/05\/Zottiger-Bienenk\u00e4fer-Pferdeweide.jpg 800w\" sizes=\"(max-width: 300px) 100vw, 300px\" \/><\/a><p id=\"caption-attachment-670\" class=\"wp-caption-text\">Zottiger Bienenk\u00e4fer auf Hahnenfu\u00dfbl\u00fcte<\/p><\/div>\n","protected":false},"excerpt":{"rendered":"<p>Neben der Obstwiese unseres Nutzgartens zeigte sich heute der Zottige Bienenk\u00e4fer auch auf am Rand der Pferdeweiden als Bl\u00fctenbesucher. \u00dcber diese K\u00e4ferart habe ich ja schon geschrieben. Jedenfalls scheint er sich in der Umgebung nach 2013 auch in diesem Jahr zu etablieren.<\/p>\n","protected":false},"author":2,"featured_media":0,"comment_status":"closed","ping_status":"closed","sticky":false,"template":"","format":"standard","meta":{"footnotes":""},"categories":[3],"tags":[200,199],"_links":{"self":[{"href":"http:\/\/naturgartenblog.wgrverlag.de\/index.php?rest_route=\/wp\/v2\/posts\/682"}],"collection":[{"href":"http:\/\/naturgartenblog.wgrverlag.de\/index.php?rest_route=\/wp\/v2\/posts"}],"about":[{"href":"http:\/\/naturgartenblog.wgrverlag.de\/index.php?rest_route=\/wp\/v2\/types\/post"}],"author":[{"embeddable":true,"href":"http:\/\/naturgartenblog.wgrverlag.de\/index.php?rest_route=\/wp\/v2\/users\/2"}],"replies":[{"embeddable":true,"href":"http:\/\/naturgartenblog.wgrverlag.de\/index.php?rest_route=%2Fwp%2Fv2%2Fcomments&post=682"}],"version-history":[{"count":1,"href":"http:\/\/naturgartenblog.wgrverlag.de\/index.php?rest_route=\/wp\/v2\/posts\/682\/revisions"}],"predecessor-version":[{"id":683,"href":"http:\/\/naturgartenblog.wgrverlag.de\/index.php?rest_route=\/wp\/v2\/posts\/682\/revisions\/683"}],"wp:attachment":[{"href":"http:\/\/naturgartenblog.wgrverlag.de\/index.php?rest_route=%2Fwp%2Fv2%2Fmedia&parent=682"}],"wp:term":[{"taxonomy":"category","embeddable":true,"href":"http:\/\/naturgartenblog.wgrverlag.de\/index.php?rest_route=%2Fwp%2Fv2%2Fcategories&post=682"},{"taxonomy":"post_tag","embeddable":true,"href":"http:\/\/naturgartenblog.wgrverlag.de\/index.php?rest_route=%2Fwp%2Fv2%2Ftags&post=682"}],"curies":[{"name":"wp","href":"https:\/\/api.w.org\/{rel}","templated":true}]}}