{"id":679,"date":"2014-05-11T18:43:02","date_gmt":"2014-05-11T16:43:02","guid":{"rendered":"http:\/\/naturgartenblog.wgrverlag.de\/?p=679"},"modified":"2014-05-15T12:50:06","modified_gmt":"2014-05-15T10:50:06","slug":"gemeiner-widderbock","status":"publish","type":"post","link":"http:\/\/naturgartenblog.wgrverlag.de\/?p=679","title":{"rendered":"Gemeiner Widderbock"},"content":{"rendered":"<p>Die K\u00e4fer krabbeln langsam los. Nicht nur die Zecken, diese l\u00e4stigen Plagegeister, sind wieder unterwegs, nein, auch etliche K\u00e4ferarten zeigen sich. Das Handyfoto zeigt einen Gemeinen oder Echten Widderbock, auch Wespenbock genannt. <em>(Clytus arietis<\/em>), der heute auf Baldrianbl\u00e4ttern in unserem Garten krabbelte.<\/p>\n<p><a href=\"http:\/\/naturgartenblog.wgrverlag.de\/wp-content\/uploads\/2014\/05\/Widderbock.jpg\"><img decoding=\"async\" loading=\"lazy\" class=\"aligncenter wp-image-671 size-medium\" src=\"http:\/\/naturgartenblog.wgrverlag.de\/wp-content\/uploads\/2014\/05\/Widderbock-300x256.jpg\" alt=\"110514\" width=\"300\" height=\"256\" srcset=\"http:\/\/naturgartenblog.wgrverlag.de\/wp-content\/uploads\/2014\/05\/Widderbock-300x256.jpg 300w, http:\/\/naturgartenblog.wgrverlag.de\/wp-content\/uploads\/2014\/05\/Widderbock-624x534.jpg 624w, http:\/\/naturgartenblog.wgrverlag.de\/wp-content\/uploads\/2014\/05\/Widderbock.jpg 800w\" sizes=\"(max-width: 300px) 100vw, 300px\" \/><\/a><\/p>\n","protected":false},"excerpt":{"rendered":"<p>Die K\u00e4fer krabbeln langsam los. Nicht nur die Zecken, diese l\u00e4stigen Plagegeister, sind wieder unterwegs, nein, auch etliche K\u00e4ferarten zeigen sich. Das Handyfoto zeigt einen Gemeinen oder Echten Widderbock, auch Wespenbock genannt. (Clytus arietis), der heute auf Baldrianbl\u00e4ttern in unserem Garten krabbelte.<\/p>\n","protected":false},"author":2,"featured_media":0,"comment_status":"closed","ping_status":"closed","sticky":false,"template":"","format":"standard","meta":{"footnotes":""},"categories":[3,12],"tags":[156,155],"_links":{"self":[{"href":"http:\/\/naturgartenblog.wgrverlag.de\/index.php?rest_route=\/wp\/v2\/posts\/679"}],"collection":[{"href":"http:\/\/naturgartenblog.wgrverlag.de\/index.php?rest_route=\/wp\/v2\/posts"}],"about":[{"href":"http:\/\/naturgartenblog.wgrverlag.de\/index.php?rest_route=\/wp\/v2\/types\/post"}],"author":[{"embeddable":true,"href":"http:\/\/naturgartenblog.wgrverlag.de\/index.php?rest_route=\/wp\/v2\/users\/2"}],"replies":[{"embeddable":true,"href":"http:\/\/naturgartenblog.wgrverlag.de\/index.php?rest_route=%2Fwp%2Fv2%2Fcomments&post=679"}],"version-history":[{"count":2,"href":"http:\/\/naturgartenblog.wgrverlag.de\/index.php?rest_route=\/wp\/v2\/posts\/679\/revisions"}],"predecessor-version":[{"id":686,"href":"http:\/\/naturgartenblog.wgrverlag.de\/index.php?rest_route=\/wp\/v2\/posts\/679\/revisions\/686"}],"wp:attachment":[{"href":"http:\/\/naturgartenblog.wgrverlag.de\/index.php?rest_route=%2Fwp%2Fv2%2Fmedia&parent=679"}],"wp:term":[{"taxonomy":"category","embeddable":true,"href":"http:\/\/naturgartenblog.wgrverlag.de\/index.php?rest_route=%2Fwp%2Fv2%2Fcategories&post=679"},{"taxonomy":"post_tag","embeddable":true,"href":"http:\/\/naturgartenblog.wgrverlag.de\/index.php?rest_route=%2Fwp%2Fv2%2Ftags&post=679"}],"curies":[{"name":"wp","href":"https:\/\/api.w.org\/{rel}","templated":true}]}}