{"id":646,"date":"2014-05-05T19:41:30","date_gmt":"2014-05-05T17:41:30","guid":{"rendered":"http:\/\/naturgartenblog.wgrverlag.de\/?p=646"},"modified":"2014-05-06T15:57:00","modified_gmt":"2014-05-06T13:57:00","slug":"bloginspektion","status":"publish","type":"post","link":"http:\/\/naturgartenblog.wgrverlag.de\/?p=646","title":{"rendered":"Bloginspektion"},"content":{"rendered":"<p style=\"text-align: justify;\">Beim Einrichten des Blogs hatte ich die Kommentarfunktion nicht deaktiviert. Das habe ich nun schnell nachgeholt. Leider muss man bei WordPress die Funktion f\u00fcr jede bereits ver\u00f6ffentlichte Seite einzeln abstellen, egal, erledigt. Endlich Schluss mit den USA-Spams. \u00dcber 100 Spam-Kommentare hatten sich angeh\u00e4uft. Ich brauche hier keine Kommentare zu meinen Beitr\u00e4gen. Ach ja, f\u00fcr die Seiten muss ich das auch noch abschalten. Dann werde ich mich wohl mit dem WordPress-Update auseinandersetzten m\u00fcssen.<\/p>\n<p style=\"text-align: justify;\">So, den Mist auch f\u00fcr die Seiten abgestellt.<\/p>\n<p style=\"text-align: justify;\">WordPress-Upgrade auf 3.9 installiert, scheint noch alles zu laufen. Theme aktualisiert. Einstellungen wurden beibehalten. Update erfolgreich ohne Probleme??<\/p>\n<p>&nbsp;<\/p>\n","protected":false},"excerpt":{"rendered":"<p>Beim Einrichten des Blogs hatte ich die Kommentarfunktion nicht deaktiviert. Das habe ich nun schnell nachgeholt. Leider muss man bei WordPress die Funktion f\u00fcr jede bereits ver\u00f6ffentlichte Seite einzeln abstellen, egal, erledigt. Endlich Schluss mit den USA-Spams. \u00dcber 100 Spam-Kommentare hatten sich angeh\u00e4uft. Ich brauche hier keine Kommentare zu meinen Beitr\u00e4gen. Ach ja, f\u00fcr die [&hellip;]<\/p>\n","protected":false},"author":2,"featured_media":0,"comment_status":"closed","ping_status":"closed","sticky":false,"template":"","format":"standard","meta":{"footnotes":""},"categories":[1],"tags":[],"_links":{"self":[{"href":"http:\/\/naturgartenblog.wgrverlag.de\/index.php?rest_route=\/wp\/v2\/posts\/646"}],"collection":[{"href":"http:\/\/naturgartenblog.wgrverlag.de\/index.php?rest_route=\/wp\/v2\/posts"}],"about":[{"href":"http:\/\/naturgartenblog.wgrverlag.de\/index.php?rest_route=\/wp\/v2\/types\/post"}],"author":[{"embeddable":true,"href":"http:\/\/naturgartenblog.wgrverlag.de\/index.php?rest_route=\/wp\/v2\/users\/2"}],"replies":[{"embeddable":true,"href":"http:\/\/naturgartenblog.wgrverlag.de\/index.php?rest_route=%2Fwp%2Fv2%2Fcomments&post=646"}],"version-history":[{"count":4,"href":"http:\/\/naturgartenblog.wgrverlag.de\/index.php?rest_route=\/wp\/v2\/posts\/646\/revisions"}],"predecessor-version":[{"id":656,"href":"http:\/\/naturgartenblog.wgrverlag.de\/index.php?rest_route=\/wp\/v2\/posts\/646\/revisions\/656"}],"wp:attachment":[{"href":"http:\/\/naturgartenblog.wgrverlag.de\/index.php?rest_route=%2Fwp%2Fv2%2Fmedia&parent=646"}],"wp:term":[{"taxonomy":"category","embeddable":true,"href":"http:\/\/naturgartenblog.wgrverlag.de\/index.php?rest_route=%2Fwp%2Fv2%2Fcategories&post=646"},{"taxonomy":"post_tag","embeddable":true,"href":"http:\/\/naturgartenblog.wgrverlag.de\/index.php?rest_route=%2Fwp%2Fv2%2Ftags&post=646"}],"curies":[{"name":"wp","href":"https:\/\/api.w.org\/{rel}","templated":true}]}}