{"id":581,"date":"2014-03-30T20:11:11","date_gmt":"2014-03-30T18:11:11","guid":{"rendered":"http:\/\/naturgartenblog.wgrverlag.de\/?p=581"},"modified":"2014-05-14T16:41:00","modified_gmt":"2014-05-14T14:41:00","slug":"aurorafalter-wacholderdrossel-und-eidechsenbabys","status":"publish","type":"post","link":"http:\/\/naturgartenblog.wgrverlag.de\/?p=581","title":{"rendered":"Aurorafalter, Wacholderdrossel und Eidechsenbabys"},"content":{"rendered":"<p style=\"text-align: justify;\">Die erste H\u00e4lfte des Sonntags war ein richtiger Sonnentag.<\/p>\n<p style=\"text-align: justify;\"><a href=\"http:\/\/naturgartenblog.wgrverlag.de\/wp-content\/uploads\/2014\/05\/Eidechse-Bank.jpg\"><img decoding=\"async\" loading=\"lazy\" class=\"aligncenter wp-image-674 size-medium\" src=\"http:\/\/naturgartenblog.wgrverlag.de\/wp-content\/uploads\/2014\/05\/Eidechse-Bank-300x225.jpg\" alt=\"Eidechse Bank\" width=\"300\" height=\"225\" srcset=\"http:\/\/naturgartenblog.wgrverlag.de\/wp-content\/uploads\/2014\/05\/Eidechse-Bank-300x225.jpg 300w, http:\/\/naturgartenblog.wgrverlag.de\/wp-content\/uploads\/2014\/05\/Eidechse-Bank-624x468.jpg 624w, http:\/\/naturgartenblog.wgrverlag.de\/wp-content\/uploads\/2014\/05\/Eidechse-Bank.jpg 800w\" sizes=\"(max-width: 300px) 100vw, 300px\" \/><\/a> Die B\u00e4ume sprie\u00dfen, die Buschwindr\u00f6schen bl\u00fchen im ganzen Wald. die Hummeln summen durch die Taubnesseln und die Kirschbl\u00fcten. Etwas sp\u00e4t habe ich die alten Obstb\u00e4ume geschnitten und dabei zwei neu geklopfte H\u00f6hlen entdeckt. <!--more--><\/p>\n<p style=\"text-align: justify;\">Der &#8222;Pflausisch&#8220; und die Mirabellen bl\u00fchen schon, auch die Pflaumen, \u00c4pfel und Birnen beginnen zu bl\u00fchen. Gestern\u00a0 habe ich Gartenmelde, Pfl\u00fccksalat und Dicke Bohnen ges\u00e4t. Mit dem Schnittgut der B\u00e4ume habe ich am Obstgarten auf der Seite zum Nachbarn, wo eine L\u00fccke im Brombeergestr\u00fcpp ist eine kleine Benjeshecke gebaut. Ein Teil verst\u00e4rkt auch den Reisighaufen \u00fcber dem Stumpf unseres alten abgebrochenen S\u00fc\u00dfkirschbaums, wo sich im vergangenen Jahr die Eidechsen versteckt haben. In letzter Zeit habe ich etliche dickere Steine im Nutzgarten zusammengekratzt und aufgesammelt und damit Lesesteinhaufen am Weg am Waldrand in unserem Waldgarten gebaut, als Sonnenplatz f\u00fcr Eidechsen etc.<\/p>\n<p style=\"text-align: justify;\">Der erste Aurorafalter in diesem Jahr flog gestern kurz durch den Garten. Zitronenfalter, Kleiner Fuchs und Admiral sind ja schon l\u00e4nger da. Den ersten Admiral hatte ich im Wald Richtung Heimerzheim schon am 8. M\u00e4rz entdeckt. Eigentlich sollen die ja bei uns nicht als Schmetterling \u00fcberwintern, sondern im Fr\u00fchjahr aus dem S\u00fcden einfliegen.<\/p>\n<p style=\"text-align: justify;\"><a href=\"http:\/\/naturgartenblog.wgrverlag.de\/wp-content\/uploads\/2014\/05\/Eidechse-Bank-3.jpg\"><img decoding=\"async\" loading=\"lazy\" class=\"aligncenter wp-image-673 size-medium\" src=\"http:\/\/naturgartenblog.wgrverlag.de\/wp-content\/uploads\/2014\/05\/Eidechse-Bank-3-276x300.jpg\" alt=\"Eidechse Bank 3\" width=\"276\" height=\"300\" srcset=\"http:\/\/naturgartenblog.wgrverlag.de\/wp-content\/uploads\/2014\/05\/Eidechse-Bank-3-276x300.jpg 276w, http:\/\/naturgartenblog.wgrverlag.de\/wp-content\/uploads\/2014\/05\/Eidechse-Bank-3-624x676.jpg 624w, http:\/\/naturgartenblog.wgrverlag.de\/wp-content\/uploads\/2014\/05\/Eidechse-Bank-3.jpg 738w\" sizes=\"(max-width: 276px) 100vw, 276px\" \/><\/a>Im Obstgarten auf einer morschen Holzbank sa\u00dfen gleich zwei kleine Eidechsen, vermutlich Jungtiere der Waldeidechse. Leider habe ich nur ein paar Handyfotos von den neugierigen Kerlchen.<\/p>\n<p style=\"text-align: justify;\"><a href=\"http:\/\/naturgartenblog.wgrverlag.de\/wp-content\/uploads\/2014\/05\/Eidechse-Bank-2.jpg\"><img decoding=\"async\" loading=\"lazy\" class=\"aligncenter wp-image-672 size-medium\" src=\"http:\/\/naturgartenblog.wgrverlag.de\/wp-content\/uploads\/2014\/05\/Eidechse-Bank-2-241x300.jpg\" alt=\"300314\" width=\"241\" height=\"300\" srcset=\"http:\/\/naturgartenblog.wgrverlag.de\/wp-content\/uploads\/2014\/05\/Eidechse-Bank-2-241x300.jpg 241w, http:\/\/naturgartenblog.wgrverlag.de\/wp-content\/uploads\/2014\/05\/Eidechse-Bank-2-624x775.jpg 624w, http:\/\/naturgartenblog.wgrverlag.de\/wp-content\/uploads\/2014\/05\/Eidechse-Bank-2.jpg 644w\" sizes=\"(max-width: 241px) 100vw, 241px\" \/><\/a><\/p>\n<p style=\"text-align: justify;\">Am Teich hat sich zun\u00e4chst ein Buchfink gebadet, sp\u00e4ter kam eine Wacholderdrossel, die nach dem Bad ganz zerzaust aussah.<\/p>\n<p style=\"text-align: justify;\">In unserem Garten sind derzeit etliche Vogelarten unterwegs. Heute habe ich hier auch die erste M\u00f6nchsgrasm\u00fccke entdeckt. Der Zilpzalp zeigt sich schon seit einiger Zeit. Amseln, Kohlmeisen, Blaumeisen und Buchfinken sind immer da. Auch Rotkehlchen, Heckenbraunelle und Zaunk\u00f6nig scheinen sich hier wohl zu f\u00fchlen. Blaumeisen fliegen immer wieder in unsere Nistk\u00e4sten. Es ist mir noch nicht klar, ob das Vorbesichtigungen sind oder ob sie schon als Brutst\u00e4tte angenommen wurden.<\/p>\n<p style=\"text-align: justify;\">Bilder folgen.<\/p>\n","protected":false},"excerpt":{"rendered":"<p>Die erste H\u00e4lfte des Sonntags war ein richtiger Sonnentag. Die B\u00e4ume sprie\u00dfen, die Buschwindr\u00f6schen bl\u00fchen im ganzen Wald. die Hummeln summen durch die Taubnesseln und die Kirschbl\u00fcten. Etwas sp\u00e4t habe ich die alten Obstb\u00e4ume geschnitten und dabei zwei neu geklopfte H\u00f6hlen entdeckt.<\/p>\n","protected":false},"author":2,"featured_media":0,"comment_status":"closed","ping_status":"closed","sticky":false,"template":"","format":"standard","meta":{"footnotes":""},"categories":[12,2,9],"tags":[321,19,41,314,263,315,317,319,320,316,318,69],"_links":{"self":[{"href":"http:\/\/naturgartenblog.wgrverlag.de\/index.php?rest_route=\/wp\/v2\/posts\/581"}],"collection":[{"href":"http:\/\/naturgartenblog.wgrverlag.de\/index.php?rest_route=\/wp\/v2\/posts"}],"about":[{"href":"http:\/\/naturgartenblog.wgrverlag.de\/index.php?rest_route=\/wp\/v2\/types\/post"}],"author":[{"embeddable":true,"href":"http:\/\/naturgartenblog.wgrverlag.de\/index.php?rest_route=\/wp\/v2\/users\/2"}],"replies":[{"embeddable":true,"href":"http:\/\/naturgartenblog.wgrverlag.de\/index.php?rest_route=%2Fwp%2Fv2%2Fcomments&post=581"}],"version-history":[{"count":5,"href":"http:\/\/naturgartenblog.wgrverlag.de\/index.php?rest_route=\/wp\/v2\/posts\/581\/revisions"}],"predecessor-version":[{"id":678,"href":"http:\/\/naturgartenblog.wgrverlag.de\/index.php?rest_route=\/wp\/v2\/posts\/581\/revisions\/678"}],"wp:attachment":[{"href":"http:\/\/naturgartenblog.wgrverlag.de\/index.php?rest_route=%2Fwp%2Fv2%2Fmedia&parent=581"}],"wp:term":[{"taxonomy":"category","embeddable":true,"href":"http:\/\/naturgartenblog.wgrverlag.de\/index.php?rest_route=%2Fwp%2Fv2%2Fcategories&post=581"},{"taxonomy":"post_tag","embeddable":true,"href":"http:\/\/naturgartenblog.wgrverlag.de\/index.php?rest_route=%2Fwp%2Fv2%2Ftags&post=581"}],"curies":[{"name":"wp","href":"https:\/\/api.w.org\/{rel}","templated":true}]}}