{"id":577,"date":"2014-03-09T20:18:14","date_gmt":"2014-03-09T18:18:14","guid":{"rendered":"http:\/\/naturgartenblog.wgrverlag.de\/?p=577"},"modified":"2014-05-06T12:19:57","modified_gmt":"2014-05-06T10:19:57","slug":"der-fruhling-kommt","status":"publish","type":"post","link":"http:\/\/naturgartenblog.wgrverlag.de\/?p=577","title":{"rendered":"Der Fr\u00fchling kommt"},"content":{"rendered":"<p>Ganz schnell kommt in diesem Jahr der Fr\u00fchling. An allen Ecken und Enden beginnt die Natur sich zu regen. Die ersten Fr\u00fchjahrsbl\u00fcher zeigen sich, die ersten Bienen und M\u00fccken fliegen und die Schmetterlinge zeigen sich. Drei Tagfalter Arten konnte ich am Wochenende beobachten.<!--more--><\/p>\n<p>Zitronenfalter, C-Falter und der Kleine Fuchs fliegen wieder umher, besonders vom Kleinen Fuchs sind etliche Exemplare unterwegs. Von den Arten, die als Schmetterling \u00fcberwintern, fehlt von den Vorjahresarten nur noch das Tagpfauenauge, aber das hatte ich im vorigen Jahr auch erst im April beobachtet. Der Gro\u00dfe Fuchs und der Trauermantel w\u00e4ren noch m\u00f6gliche Kandidaten, die den Winter \u00fcberleben, aber die sind eher selten und haben sich auch im Vorjahr nicht gezeigt.<\/p>\n<p>Im Teich sind die ersten Kr\u00f6te und Molche angekommen.<\/p>\n<p>Rund 1000 Kraniche (<i>Grus grus<\/i>) \u00fcberflogen uns heute in Richtung Nordosten.<\/p>\n<p>Im Wald habe ich eine Bruth\u00f6hle des Halsbandsittiches\u00a0(<i>Psittacula krameri<\/i>) und dabei ein balzendes Paar gefunden. Diese Papageien sind am Rhein entlang mittlerweile recht verbreitet. Bislang geht man aber davon aus, dass sie das Umland und inbesonder die W\u00e4lder noch nicht besiedelt haben. Schon 2013 habe ich in der N\u00e4he des Mirbachs immer einige Exemplare in den hohen Baumwipfeln beobachten k\u00f6nnen. Jetzt scheint sich aber abzuzeichnen, dass sie tats\u00e4chlich bei uns im Wald br\u00fcten.<\/p>\n<p>In meinem Aussaatfl\u00e4chen haben sich das Behaarte Schaumkraut\u00a0(<i>Cardamine hirsuta<\/i>) und der Fadenehrenpreis (Veronica filiformis) ausgebreitet. Das Schaumkraut w\u00e4chst massenweise auf den Fl\u00e4chen, die ich mit Sand und Kalk behandelt habe, der Ehrenpreis auf den Aussaatfl\u00e4chen ohne Sand und Kalk. Beim Ehrenpreis war ich mir bei der Bestimmung nicht ganz sicher, ob es sich nicht um den Persischen Ehrenpreis handelt. Aber ich denke es ist in der Tat der filiformis.<\/p>\n<p>Fotos vom Fr\u00fchlingswerwachen folgen.<\/p>\n","protected":false},"excerpt":{"rendered":"<p>Ganz schnell kommt in diesem Jahr der Fr\u00fchling. An allen Ecken und Enden beginnt die Natur sich zu regen. Die ersten Fr\u00fchjahrsbl\u00fcher zeigen sich, die ersten Bienen und M\u00fccken fliegen und die Schmetterlinge zeigen sich. Drei Tagfalter Arten konnte ich am Wochenende beobachten.<\/p>\n","protected":false},"author":2,"featured_media":0,"comment_status":"closed","ping_status":"closed","sticky":false,"template":"","format":"standard","meta":{"footnotes":""},"categories":[11,12,2,5],"tags":[272,305,17,304,306,312,310,308,15,311,313,309,307,16],"_links":{"self":[{"href":"http:\/\/naturgartenblog.wgrverlag.de\/index.php?rest_route=\/wp\/v2\/posts\/577"}],"collection":[{"href":"http:\/\/naturgartenblog.wgrverlag.de\/index.php?rest_route=\/wp\/v2\/posts"}],"about":[{"href":"http:\/\/naturgartenblog.wgrverlag.de\/index.php?rest_route=\/wp\/v2\/types\/post"}],"author":[{"embeddable":true,"href":"http:\/\/naturgartenblog.wgrverlag.de\/index.php?rest_route=\/wp\/v2\/users\/2"}],"replies":[{"embeddable":true,"href":"http:\/\/naturgartenblog.wgrverlag.de\/index.php?rest_route=%2Fwp%2Fv2%2Fcomments&post=577"}],"version-history":[{"count":3,"href":"http:\/\/naturgartenblog.wgrverlag.de\/index.php?rest_route=\/wp\/v2\/posts\/577\/revisions"}],"predecessor-version":[{"id":595,"href":"http:\/\/naturgartenblog.wgrverlag.de\/index.php?rest_route=\/wp\/v2\/posts\/577\/revisions\/595"}],"wp:attachment":[{"href":"http:\/\/naturgartenblog.wgrverlag.de\/index.php?rest_route=%2Fwp%2Fv2%2Fmedia&parent=577"}],"wp:term":[{"taxonomy":"category","embeddable":true,"href":"http:\/\/naturgartenblog.wgrverlag.de\/index.php?rest_route=%2Fwp%2Fv2%2Fcategories&post=577"},{"taxonomy":"post_tag","embeddable":true,"href":"http:\/\/naturgartenblog.wgrverlag.de\/index.php?rest_route=%2Fwp%2Fv2%2Ftags&post=577"}],"curies":[{"name":"wp","href":"https:\/\/api.w.org\/{rel}","templated":true}]}}