{"id":558,"date":"2014-02-24T17:58:53","date_gmt":"2014-02-24T15:58:53","guid":{"rendered":"http:\/\/naturgartenblog.wgrverlag.de\/?p=558"},"modified":"2014-05-06T12:20:34","modified_gmt":"2014-05-06T10:20:34","slug":"winterschlaf-beendet","status":"publish","type":"post","link":"http:\/\/naturgartenblog.wgrverlag.de\/?p=558","title":{"rendered":"Winterschlaf beendet"},"content":{"rendered":"<p>Der Fr\u00fchling kommt jetzt z\u00fcgig, die Natur wacht auf und auch dieser Blog sollte dann jetzt mal aus seinem kleinen Winterschlaf erwachen.<!--more--><\/p>\n<p>Nat\u00fcrlich gab es auch im Winter im Garten etwas zu tun. Das &#8222;Holzmachen&#8220; ist nicht unbedingt so ein spannendes Thema f\u00fcr den Blog. Ein verwildertes Grundst\u00fcck, eine alte Kirschbaumwiese, habe ich zu Beginn des Jahres von extremem Brombeerbewuchs befreit. Jetzt habe ich dort einige umgekippte B\u00e4ume zers\u00e4gt. Das gute Holz muss ich mit der Schubkarre als Brennholz rausfahren, das Totholz bleibt vor Ort f\u00fcr die K\u00e4fer.<\/p>\n<p>Ein weiteres, kleineres Grundst\u00fcck, habe ich von Unmengen wild gewachsenem dichtem Gestr\u00fcpp befreit. Dort gibt es noch ein paar alte Weinst\u00f6cke. Bin gespannt, ob die noch leben und wider austreiben.<\/p>\n<p>Heute habe ich den ersten Schmetterling 2014\u00a0 im Wald fliegen gesehen. Ich sah ihn nur kurz, bin mir aber recht sicher, dass es ein Admiral gewesen ist. Sicher eine recht ungew\u00f6hnlich fr\u00fche Flugzeit.<\/p>\n<p>Auch die ersten Pflanzen zeigen Ihre Bl\u00fcten, manche haben fast den ganzen milden Winter \u00fcber gebl\u00fcht.<\/p>\n","protected":false},"excerpt":{"rendered":"<p>Der Fr\u00fchling kommt jetzt z\u00fcgig, die Natur wacht auf und auch dieser Blog sollte dann jetzt mal aus seinem kleinen Winterschlaf erwachen.<\/p>\n","protected":false},"author":2,"featured_media":0,"comment_status":"closed","ping_status":"closed","sticky":false,"template":"","format":"standard","meta":{"footnotes":""},"categories":[12,2],"tags":[],"_links":{"self":[{"href":"http:\/\/naturgartenblog.wgrverlag.de\/index.php?rest_route=\/wp\/v2\/posts\/558"}],"collection":[{"href":"http:\/\/naturgartenblog.wgrverlag.de\/index.php?rest_route=\/wp\/v2\/posts"}],"about":[{"href":"http:\/\/naturgartenblog.wgrverlag.de\/index.php?rest_route=\/wp\/v2\/types\/post"}],"author":[{"embeddable":true,"href":"http:\/\/naturgartenblog.wgrverlag.de\/index.php?rest_route=\/wp\/v2\/users\/2"}],"replies":[{"embeddable":true,"href":"http:\/\/naturgartenblog.wgrverlag.de\/index.php?rest_route=%2Fwp%2Fv2%2Fcomments&post=558"}],"version-history":[{"count":4,"href":"http:\/\/naturgartenblog.wgrverlag.de\/index.php?rest_route=\/wp\/v2\/posts\/558\/revisions"}],"predecessor-version":[{"id":597,"href":"http:\/\/naturgartenblog.wgrverlag.de\/index.php?rest_route=\/wp\/v2\/posts\/558\/revisions\/597"}],"wp:attachment":[{"href":"http:\/\/naturgartenblog.wgrverlag.de\/index.php?rest_route=%2Fwp%2Fv2%2Fmedia&parent=558"}],"wp:term":[{"taxonomy":"category","embeddable":true,"href":"http:\/\/naturgartenblog.wgrverlag.de\/index.php?rest_route=%2Fwp%2Fv2%2Fcategories&post=558"},{"taxonomy":"post_tag","embeddable":true,"href":"http:\/\/naturgartenblog.wgrverlag.de\/index.php?rest_route=%2Fwp%2Fv2%2Ftags&post=558"}],"curies":[{"name":"wp","href":"https:\/\/api.w.org\/{rel}","templated":true}]}}