{"id":488,"date":"2013-09-02T17:20:58","date_gmt":"2013-09-02T15:20:58","guid":{"rendered":"http:\/\/naturgartenblog.wgrverlag.de\/?p=488"},"modified":"2014-05-06T12:23:20","modified_gmt":"2014-05-06T10:23:20","slug":"blutrote-heidelibelle","status":"publish","type":"post","link":"http:\/\/naturgartenblog.wgrverlag.de\/?p=488","title":{"rendered":"Blutrote Heidelibelle"},"content":{"rendered":"<p style=\"text-align: justify;\"><a href=\"http:\/\/naturgartenblog.wgrverlag.de\/wp-content\/uploads\/2013\/10\/Heide_blutr2.jpg\"><img decoding=\"async\" loading=\"lazy\" class=\"aligncenter  wp-image-527\" alt=\"Heide_blutr2\" src=\"http:\/\/naturgartenblog.wgrverlag.de\/wp-content\/uploads\/2013\/10\/Heide_blutr2.jpg\" width=\"414\" height=\"448\" srcset=\"http:\/\/naturgartenblog.wgrverlag.de\/wp-content\/uploads\/2013\/10\/Heide_blutr2.jpg 925w, http:\/\/naturgartenblog.wgrverlag.de\/wp-content\/uploads\/2013\/10\/Heide_blutr2-277x300.jpg 277w, http:\/\/naturgartenblog.wgrverlag.de\/wp-content\/uploads\/2013\/10\/Heide_blutr2-624x674.jpg 624w\" sizes=\"(max-width: 414px) 100vw, 414px\" \/><\/a>Sicherlich ist die Blutrote Heidelibelle (Sympetrum sanguineum) eine h\u00e4ufige Art unter den Heidelibellen, dennoch konnte ich ihr Vorkommen im vorigen Jahr nicht eindeutig nachweisen.In diesem Jahr sieht es anders aus, heute konnte ich erstmals in der N\u00e4he unseres Teichs ein m\u00e4nnliches Exemplar dieser Spezies fotografieren. Die Bestimmung d\u00fcrfte u.a. wegen der schwarzen Beine und der schon recht roten Stirn eindeutig sein.<\/p>\n<p style=\"text-align: justify;\"><!--more--><\/p>\n<p style=\"text-align: center;\"><a href=\"http:\/\/naturgartenblog.wgrverlag.de\/wp-content\/uploads\/2013\/10\/Heide_blutr.jpg\"><img decoding=\"async\" loading=\"lazy\" class=\"aligncenter  wp-image-526\" alt=\"Heide_blutr\" src=\"http:\/\/naturgartenblog.wgrverlag.de\/wp-content\/uploads\/2013\/10\/Heide_blutr.jpg\" width=\"560\" height=\"370\" srcset=\"http:\/\/naturgartenblog.wgrverlag.de\/wp-content\/uploads\/2013\/10\/Heide_blutr.jpg 1000w, http:\/\/naturgartenblog.wgrverlag.de\/wp-content\/uploads\/2013\/10\/Heide_blutr-300x198.jpg 300w, http:\/\/naturgartenblog.wgrverlag.de\/wp-content\/uploads\/2013\/10\/Heide_blutr-624x411.jpg 624w\" sizes=\"(max-width: 560px) 100vw, 560px\" \/><\/a><\/p>\n<p>Aber auch die Gro\u00dfe Heidelibelle (Sympetrum striolatum) war heute wieder am Teich unterwegs:<\/p>\n<p style=\"text-align: center;\"><a href=\"http:\/\/naturgartenblog.wgrverlag.de\/wp-content\/uploads\/2013\/10\/Heidelib_striol.jpg\"><img decoding=\"async\" loading=\"lazy\" class=\"aligncenter  wp-image-528\" alt=\"Heidelib_striol\" src=\"http:\/\/naturgartenblog.wgrverlag.de\/wp-content\/uploads\/2013\/10\/Heidelib_striol.jpg\" width=\"559\" height=\"406\" srcset=\"http:\/\/naturgartenblog.wgrverlag.de\/wp-content\/uploads\/2013\/10\/Heidelib_striol.jpg 874w, http:\/\/naturgartenblog.wgrverlag.de\/wp-content\/uploads\/2013\/10\/Heidelib_striol-300x217.jpg 300w, http:\/\/naturgartenblog.wgrverlag.de\/wp-content\/uploads\/2013\/10\/Heidelib_striol-624x453.jpg 624w\" sizes=\"(max-width: 559px) 100vw, 559px\" \/><\/a><\/p>\n<p style=\"text-align: center;\">Detailaufnahme der Gro\u00dfen Heidelibelle:<a href=\"http:\/\/naturgartenblog.wgrverlag.de\/wp-content\/uploads\/2013\/10\/Heidelib_striol_det.jpg\"><img decoding=\"async\" loading=\"lazy\" class=\"aligncenter  wp-image-529\" alt=\"Heidelib_striol_det\" src=\"http:\/\/naturgartenblog.wgrverlag.de\/wp-content\/uploads\/2013\/10\/Heidelib_striol_det.jpg\" width=\"512\" height=\"418\" srcset=\"http:\/\/naturgartenblog.wgrverlag.de\/wp-content\/uploads\/2013\/10\/Heidelib_striol_det.jpg 1000w, http:\/\/naturgartenblog.wgrverlag.de\/wp-content\/uploads\/2013\/10\/Heidelib_striol_det-300x245.jpg 300w, http:\/\/naturgartenblog.wgrverlag.de\/wp-content\/uploads\/2013\/10\/Heidelib_striol_det-624x510.jpg 624w\" sizes=\"(max-width: 512px) 100vw, 512px\" \/><\/a><\/p>\n<p>Auch der Mauerfuchs war heute seit langer Zeit wieder zu sehen, wohl ein Exemplar der zweiten Generation.<\/p>\n<p style=\"text-align: center;\"><a href=\"http:\/\/naturgartenblog.wgrverlag.de\/wp-content\/uploads\/2013\/10\/Mauerfu_1.jpg\"><img decoding=\"async\" loading=\"lazy\" class=\"aligncenter  wp-image-530\" alt=\"Mauerfu_1\" src=\"http:\/\/naturgartenblog.wgrverlag.de\/wp-content\/uploads\/2013\/10\/Mauerfu_1.jpg\" width=\"456\" height=\"411\" srcset=\"http:\/\/naturgartenblog.wgrverlag.de\/wp-content\/uploads\/2013\/10\/Mauerfu_1.jpg 1332w, http:\/\/naturgartenblog.wgrverlag.de\/wp-content\/uploads\/2013\/10\/Mauerfu_1-300x270.jpg 300w, http:\/\/naturgartenblog.wgrverlag.de\/wp-content\/uploads\/2013\/10\/Mauerfu_1-1024x921.jpg 1024w, http:\/\/naturgartenblog.wgrverlag.de\/wp-content\/uploads\/2013\/10\/Mauerfu_1-624x561.jpg 624w\" sizes=\"(max-width: 456px) 100vw, 456px\" \/><\/a><\/p>\n<p>W\u00e4hrend er sich von vorn heute nicht so sch\u00f6n fotografieren lie\u00df, erscheint mir das zweite Foto von der Unterseite doch ganz gelungen:<\/p>\n<p style=\"text-align: center;\"><a href=\"http:\/\/naturgartenblog.wgrverlag.de\/wp-content\/uploads\/2013\/10\/Mauerfu_2.jpg\"><img decoding=\"async\" loading=\"lazy\" class=\"aligncenter  wp-image-531\" alt=\"Mauerfu_2\" src=\"http:\/\/naturgartenblog.wgrverlag.de\/wp-content\/uploads\/2013\/10\/Mauerfu_2.jpg\" width=\"569\" height=\"640\" srcset=\"http:\/\/naturgartenblog.wgrverlag.de\/wp-content\/uploads\/2013\/10\/Mauerfu_2.jpg 889w, http:\/\/naturgartenblog.wgrverlag.de\/wp-content\/uploads\/2013\/10\/Mauerfu_2-266x300.jpg 266w, http:\/\/naturgartenblog.wgrverlag.de\/wp-content\/uploads\/2013\/10\/Mauerfu_2-624x701.jpg 624w\" sizes=\"(max-width: 569px) 100vw, 569px\" \/><\/a><\/p>\n<p>Zitronenfalter und Waldbrettspiel waren heute auch im Garten unterwegs.<\/p>\n<p style=\"text-align: center;\"><a href=\"http:\/\/naturgartenblog.wgrverlag.de\/wp-content\/uploads\/2013\/10\/waldbrett.jpg\"><img decoding=\"async\" loading=\"lazy\" class=\"aligncenter  wp-image-532\" alt=\"waldbrett\" src=\"http:\/\/naturgartenblog.wgrverlag.de\/wp-content\/uploads\/2013\/10\/waldbrett.jpg\" width=\"512\" height=\"462\" srcset=\"http:\/\/naturgartenblog.wgrverlag.de\/wp-content\/uploads\/2013\/10\/waldbrett.jpg 1000w, http:\/\/naturgartenblog.wgrverlag.de\/wp-content\/uploads\/2013\/10\/waldbrett-300x270.jpg 300w, http:\/\/naturgartenblog.wgrverlag.de\/wp-content\/uploads\/2013\/10\/waldbrett-624x563.jpg 624w\" sizes=\"(max-width: 512px) 100vw, 512px\" \/><\/a><\/p>\n","protected":false},"excerpt":{"rendered":"<p>Sicherlich ist die Blutrote Heidelibelle (Sympetrum sanguineum) eine h\u00e4ufige Art unter den Heidelibellen, dennoch konnte ich ihr Vorkommen im vorigen Jahr nicht eindeutig nachweisen.In diesem Jahr sieht es anders aus, heute konnte ich erstmals in der N\u00e4he unseres Teichs ein m\u00e4nnliches Exemplar dieser Spezies fotografieren. Die Bestimmung d\u00fcrfte u.a. wegen der schwarzen Beine und der [&hellip;]<\/p>\n","protected":false},"author":2,"featured_media":0,"comment_status":"closed","ping_status":"closed","sticky":false,"template":"","format":"standard","meta":{"footnotes":""},"categories":[4,12,6,2,5],"tags":[289,285,193,288,286,37],"_links":{"self":[{"href":"http:\/\/naturgartenblog.wgrverlag.de\/index.php?rest_route=\/wp\/v2\/posts\/488"}],"collection":[{"href":"http:\/\/naturgartenblog.wgrverlag.de\/index.php?rest_route=\/wp\/v2\/posts"}],"about":[{"href":"http:\/\/naturgartenblog.wgrverlag.de\/index.php?rest_route=\/wp\/v2\/types\/post"}],"author":[{"embeddable":true,"href":"http:\/\/naturgartenblog.wgrverlag.de\/index.php?rest_route=\/wp\/v2\/users\/2"}],"replies":[{"embeddable":true,"href":"http:\/\/naturgartenblog.wgrverlag.de\/index.php?rest_route=%2Fwp%2Fv2%2Fcomments&post=488"}],"version-history":[{"count":7,"href":"http:\/\/naturgartenblog.wgrverlag.de\/index.php?rest_route=\/wp\/v2\/posts\/488\/revisions"}],"predecessor-version":[{"id":603,"href":"http:\/\/naturgartenblog.wgrverlag.de\/index.php?rest_route=\/wp\/v2\/posts\/488\/revisions\/603"}],"wp:attachment":[{"href":"http:\/\/naturgartenblog.wgrverlag.de\/index.php?rest_route=%2Fwp%2Fv2%2Fmedia&parent=488"}],"wp:term":[{"taxonomy":"category","embeddable":true,"href":"http:\/\/naturgartenblog.wgrverlag.de\/index.php?rest_route=%2Fwp%2Fv2%2Fcategories&post=488"},{"taxonomy":"post_tag","embeddable":true,"href":"http:\/\/naturgartenblog.wgrverlag.de\/index.php?rest_route=%2Fwp%2Fv2%2Ftags&post=488"}],"curies":[{"name":"wp","href":"https:\/\/api.w.org\/{rel}","templated":true}]}}