{"id":387,"date":"2013-06-30T23:05:47","date_gmt":"2013-06-30T21:05:47","guid":{"rendered":"http:\/\/naturgartenblog.wgrverlag.de\/?p=387"},"modified":"2014-05-06T12:28:04","modified_gmt":"2014-05-06T10:28:04","slug":"klappertopf-auferstanden","status":"publish","type":"post","link":"http:\/\/naturgartenblog.wgrverlag.de\/?p=387","title":{"rendered":"Klappertopf auferstanden?"},"content":{"rendered":"<div id=\"attachment_388\" style=\"width: 410px\" class=\"wp-caption aligncenter\"><img aria-describedby=\"caption-attachment-388\" decoding=\"async\" loading=\"lazy\" class=\" wp-image-388 \" alt=\"Klappertopf\" src=\"http:\/\/naturgartenblog.wgrverlag.de\/wp-content\/uploads\/2013\/07\/Klappertopf-706x1024.jpg\" width=\"400\" height=\"580\" srcset=\"http:\/\/naturgartenblog.wgrverlag.de\/wp-content\/uploads\/2013\/07\/Klappertopf-706x1024.jpg 706w, http:\/\/naturgartenblog.wgrverlag.de\/wp-content\/uploads\/2013\/07\/Klappertopf-207x300.jpg 207w, http:\/\/naturgartenblog.wgrverlag.de\/wp-content\/uploads\/2013\/07\/Klappertopf-624x904.jpg 624w, http:\/\/naturgartenblog.wgrverlag.de\/wp-content\/uploads\/2013\/07\/Klappertopf.jpg 800w\" sizes=\"(max-width: 400px) 100vw, 400px\" \/><p id=\"caption-attachment-388\" class=\"wp-caption-text\">Zottiger Klappertopf &#8211; Rhinanthus alectorolophus<\/p><\/div>\n<p style=\"text-align: justify;\">Dieses leuchtend gelb bl\u00fchende Bl\u00fcmchen fand ich bei der Sommermahd unseres Gr\u00fcnlandgrundst\u00fccks, hier auch Naturgrundst\u00fcck genannt. Auff\u00e4llige Bl\u00fctenpflanzen sind immer ein Grund das M\u00e4hen einzustellen und einen Streifen zu belassen.<\/p>\n<p style=\"text-align: justify;\"><!--more--><\/p>\n<p style=\"text-align: justify;\">Es war eigentlich nicht schwierig anhand eines Bestimmungsbuches festzustellen, dass es sich um einen &#8222;Klappertopf&#8220; handelt, schon ein bemerkenswerter Name, der Zeugnis davon ablegt, dass die Menschen fr\u00fcher viel mehr mit der Natur gelebt haben und diese wohl viel besser kannten als wir heute. Wie h\u00e4tte man sonst merken k\u00f6nnen, dass der Samen dieser Pflanze in seiner H\u00fclle klappert, wenn man sie bewegt?<\/p>\n<p style=\"text-align: justify;\">Um welche Art es sich wirklich handelt, das festzustellen war nicht einfach. Mittlerweile bin ich mir bei der Bestimmung als Zottiger Klappertopf aber recht sicher. Vergr\u00f6\u00dfert man das Foto sieht man sehr deutlich eine starke Behaarung am Kelch, was auf den zottigen Klappertopf hindeutet. Die blauen Zungen der Bl\u00fcten sind auch ein Unterscheidungsmerkmal, beim Kleinen Klappertopf sind sie k\u00fcrzer als beim Gro\u00dfen oder beim Zottigen Klappertopf.<\/p>\n<p style=\"text-align: justify;\">Beim Fund seltener Tiere oder Pflanzen bin ich mir immer ein wenig unsicher, ob ich die Art nicht doch falsch bestimmt habe und es eine g\u00e4ngigere Art ist, die h\u00e4ufiger vorkommt. Hier bin ich mir aber recht sicher. Irritierend ist allerdings, dass diese Art laut der <a href=\"http:\/\/www.lanuv.nrw.de\/natur\/arten\/rote_liste\/pdf\/RL-NW11-Farn-und%20Bl%C3%BCtenpflanzen-Pteridophyta%20et%20Spermatophyta-endst.pdf\">Roten Liste NRW<\/a> in der Niederrheinischen Bucht als ausgestorben gilt! Eine Auferstehung von den Toten? Na ja, in Rheinland-Pfalz gibt es die Pflanze wohl noch etwas h\u00e4ufiger als hier und das ist nicht so weit weg und die Eifel ist auch nicht sehr weit, aber da ist sie auch gef\u00e4hrdet.<\/p>\n<p style=\"text-align: justify;\">Der Klappertopf ist ein Halbparasit, als solcher lebt er von den Gr\u00e4sern oder anderen Pflanzen, die er als Wirtsplanze nutzt. Er hilft im Naturgarten eine artenreiche Blumenwiese zu erreichen, indem er die Gr\u00e4ser durch sein Schmarotzertum zur\u00fcckdr\u00e4ngt. Das macht ihn bei Weidenbesitzern nicht beliebt, bei uns ist er aber willkommen und herzlich eingeladen sich auszubreiten, was nur funktionieren wird, wenn man ihn bis zur Samenreife stehen l\u00e4sst, er ist n\u00e4mlich eine einj\u00e4hrige Pflanze. Bin gespannt, ob er im n\u00e4chsten Jahr noch da ist oder sich vielleicht sogar vermehrt hat.<\/p>\n<p style=\"text-align: justify;\">Bei den Besitzern von Weideland ist diese Pflanze nicht beliebt, weil sie das Gras schw\u00e4cht und somit den futterbaulichen Wert des Gr\u00fcnlands herabsetzt. Der Klappertopf kann sich nur auf extensiv genutztem Gr\u00fcnland mit sp\u00e4tem Mahdzeitpunkt entwickeln.<\/p>\n","protected":false},"excerpt":{"rendered":"<p>Dieses leuchtend gelb bl\u00fchende Bl\u00fcmchen fand ich bei der Sommermahd unseres Gr\u00fcnlandgrundst\u00fccks, hier auch Naturgrundst\u00fcck genannt. Auff\u00e4llige Bl\u00fctenpflanzen sind immer ein Grund das M\u00e4hen einzustellen und einen Streifen zu belassen.<\/p>\n","protected":false},"author":2,"featured_media":0,"comment_status":"closed","ping_status":"closed","sticky":false,"template":"","format":"standard","meta":{"footnotes":""},"categories":[7,8],"tags":[243,242],"_links":{"self":[{"href":"http:\/\/naturgartenblog.wgrverlag.de\/index.php?rest_route=\/wp\/v2\/posts\/387"}],"collection":[{"href":"http:\/\/naturgartenblog.wgrverlag.de\/index.php?rest_route=\/wp\/v2\/posts"}],"about":[{"href":"http:\/\/naturgartenblog.wgrverlag.de\/index.php?rest_route=\/wp\/v2\/types\/post"}],"author":[{"embeddable":true,"href":"http:\/\/naturgartenblog.wgrverlag.de\/index.php?rest_route=\/wp\/v2\/users\/2"}],"replies":[{"embeddable":true,"href":"http:\/\/naturgartenblog.wgrverlag.de\/index.php?rest_route=%2Fwp%2Fv2%2Fcomments&post=387"}],"version-history":[{"count":8,"href":"http:\/\/naturgartenblog.wgrverlag.de\/index.php?rest_route=\/wp\/v2\/posts\/387\/revisions"}],"predecessor-version":[{"id":613,"href":"http:\/\/naturgartenblog.wgrverlag.de\/index.php?rest_route=\/wp\/v2\/posts\/387\/revisions\/613"}],"wp:attachment":[{"href":"http:\/\/naturgartenblog.wgrverlag.de\/index.php?rest_route=%2Fwp%2Fv2%2Fmedia&parent=387"}],"wp:term":[{"taxonomy":"category","embeddable":true,"href":"http:\/\/naturgartenblog.wgrverlag.de\/index.php?rest_route=%2Fwp%2Fv2%2Fcategories&post=387"},{"taxonomy":"post_tag","embeddable":true,"href":"http:\/\/naturgartenblog.wgrverlag.de\/index.php?rest_route=%2Fwp%2Fv2%2Ftags&post=387"}],"curies":[{"name":"wp","href":"https:\/\/api.w.org\/{rel}","templated":true}]}}