{"id":286,"date":"2013-06-13T20:06:10","date_gmt":"2013-06-13T18:06:10","guid":{"rendered":"http:\/\/naturgartenblog.wgrverlag.de\/?p=286"},"modified":"2014-05-06T12:31:32","modified_gmt":"2014-05-06T10:31:32","slug":"grose-pechlibelle","status":"publish","type":"post","link":"http:\/\/naturgartenblog.wgrverlag.de\/?p=286","title":{"rendered":"Gro\u00dfe Pechlibelle"},"content":{"rendered":"<p>Erstmals in diesem Jahr zeigte sich am Teich die Gro\u00dfe Pechlibelle <em>(Ischnura elegans)<\/em>. Zumindest bot sie mir erstmals Gelegenheit sie anhand eines Fotos bestimmen zu k\u00f6nnen.Bei der Artbestimmung war mir diesmal die Seite von <a href=\"http:\/\/www.libellenwissen.de\/libellenarten\/kleinlibellen\/schlanklibellen-coenagrionidae\/grosse-pechlibelle\" target=\"_blank\">Andreas Thomas Hein<\/a> sehr hilfreich.<\/p>\n<p><a href=\"http:\/\/naturgartenblog.wgrverlag.de\/wp-content\/uploads\/2013\/06\/GroPech_13062013.jpg\"><img decoding=\"async\" loading=\"lazy\" class=\"aligncenter size-full wp-image-287\" alt=\"GroPech_13062013\" src=\"http:\/\/naturgartenblog.wgrverlag.de\/wp-content\/uploads\/2013\/06\/GroPech_13062013.jpg\" width=\"800\" height=\"589\" srcset=\"http:\/\/naturgartenblog.wgrverlag.de\/wp-content\/uploads\/2013\/06\/GroPech_13062013.jpg 800w, http:\/\/naturgartenblog.wgrverlag.de\/wp-content\/uploads\/2013\/06\/GroPech_13062013-300x220.jpg 300w, http:\/\/naturgartenblog.wgrverlag.de\/wp-content\/uploads\/2013\/06\/GroPech_13062013-624x459.jpg 624w\" sizes=\"(max-width: 800px) 100vw, 800px\" \/><\/a><\/p>\n<p><!--more--><\/p>\n<p style=\"text-align: justify;\">Anhand zweier Vergleichsfotos werden dort die Merkmale der Gro\u00dfen und Kleinen Pechlibelle angef\u00fchrt, Verwechslungsgefahr d\u00fcrfte f\u00fcr Anf\u00e4nger auch mit der Zwerglibelle bestehen. Die Libelle war zwar recht weit vom Teichrand weg, dennoch sind auf dem Foto die wichtigsten Bestimmungsmerkmale der m\u00e4nnlichen Gro\u00dfen Pechlibelle erkennbar. Auf dem Hinterkopf leuchten zwei hellblaue Farbflecken, die gut als kreisrunde Flecken zu erkennen sind. Deutlich ist zu sehen, dass die Fl\u00fcgelmale zweifarbig sind. Vergr\u00f6\u00dfert man das Foto etwas, so kann man auch gut erkennen, dass sich die hellblaue F\u00e4rbung auf der Oberseite des Hinterleibs auf das 8. Abdominalsegment beschr\u00e4nkt, die beiden dahinter liegenden Segmente sind beide schwarz.Alles Kriterien, die die Gro\u00dfe Pechlibellen kennzeichnen. Diese Art ist laut Roter Liste Deutschland ungef\u00e4hrdet und ist bei der Auswahl der Gew\u00e4sser nicht w\u00e4hlerisch. Dennoch z\u00e4hlt ist sie nach Bundesnaturschutzgesetz und -artenschutzverordnung besonders gesch\u00fctzt.<\/p>\n","protected":false},"excerpt":{"rendered":"<p>Erstmals in diesem Jahr zeigte sich am Teich die Gro\u00dfe Pechlibelle (Ischnura elegans). Zumindest bot sie mir erstmals Gelegenheit sie anhand eines Fotos bestimmen zu k\u00f6nnen.Bei der Artbestimmung war mir diesmal die Seite von Andreas Thomas Hein sehr hilfreich.<\/p>\n","protected":false},"author":2,"featured_media":0,"comment_status":"closed","ping_status":"closed","sticky":false,"template":"","format":"standard","meta":{"footnotes":""},"categories":[1],"tags":[179,157,158,182,180,181,56],"_links":{"self":[{"href":"http:\/\/naturgartenblog.wgrverlag.de\/index.php?rest_route=\/wp\/v2\/posts\/286"}],"collection":[{"href":"http:\/\/naturgartenblog.wgrverlag.de\/index.php?rest_route=\/wp\/v2\/posts"}],"about":[{"href":"http:\/\/naturgartenblog.wgrverlag.de\/index.php?rest_route=\/wp\/v2\/types\/post"}],"author":[{"embeddable":true,"href":"http:\/\/naturgartenblog.wgrverlag.de\/index.php?rest_route=\/wp\/v2\/users\/2"}],"replies":[{"embeddable":true,"href":"http:\/\/naturgartenblog.wgrverlag.de\/index.php?rest_route=%2Fwp%2Fv2%2Fcomments&post=286"}],"version-history":[{"count":6,"href":"http:\/\/naturgartenblog.wgrverlag.de\/index.php?rest_route=\/wp\/v2\/posts\/286\/revisions"}],"predecessor-version":[{"id":289,"href":"http:\/\/naturgartenblog.wgrverlag.de\/index.php?rest_route=\/wp\/v2\/posts\/286\/revisions\/289"}],"wp:attachment":[{"href":"http:\/\/naturgartenblog.wgrverlag.de\/index.php?rest_route=%2Fwp%2Fv2%2Fmedia&parent=286"}],"wp:term":[{"taxonomy":"category","embeddable":true,"href":"http:\/\/naturgartenblog.wgrverlag.de\/index.php?rest_route=%2Fwp%2Fv2%2Fcategories&post=286"},{"taxonomy":"post_tag","embeddable":true,"href":"http:\/\/naturgartenblog.wgrverlag.de\/index.php?rest_route=%2Fwp%2Fv2%2Ftags&post=286"}],"curies":[{"name":"wp","href":"https:\/\/api.w.org\/{rel}","templated":true}]}}