{"id":272,"date":"2013-06-07T20:27:38","date_gmt":"2013-06-07T18:27:38","guid":{"rendered":"http:\/\/naturgartenblog.wgrverlag.de\/?p=272"},"modified":"2014-05-06T12:33:26","modified_gmt":"2014-05-06T10:33:26","slug":"eine-gelbliche-libelle-im-hohen-gras","status":"publish","type":"post","link":"http:\/\/naturgartenblog.wgrverlag.de\/?p=272","title":{"rendered":"Eine gelbliche Libelle im hohen Gras"},"content":{"rendered":"<p>Etwas hektisch flog heute eine gelbliche Libelle im hohen Gras unseres Naturgrundst\u00fccks umher. Irgendwann blieb sie dann doch ganz kurz sitzen und erm\u00f6glichte ein Foto. Bei der Bestimmung gab sie mir zun\u00e4chst einige R\u00e4tsel auf.<\/p>\n<p><!--more--><\/p>\n<p style=\"text-align: justify;\">Beim ersten Vorbeihuschen dachte ich zuerst an einen Vierfleck, aber da war ein ungewohntes Muster auf dem Hinterleib und nur zwei Flecken auf den Fl\u00fcgeln. Der Bestimmungsschl\u00fcssel von Dietmar Glitz deutete allerdings in der Tat auf die Segellibellen hin. Aber gelb mit schwarz? Farben bei Libellen, immer ein schwieriges Thema, Jungtiere sind noch nicht ausgef\u00e4rbt und Weibchen weichen h\u00e4ufig farblich stark ab. Die Bestimmung habe ich erstmal abgebrochen bis ich zuf\u00e4llig am n\u00e4chsten Tag bei einer NABU-Exkursion eine sehr \u00e4hnliche Libelle sah. Ein paar Meter vorher war uns eine am Hinterleib blau gef\u00e4rbte Libelle begegnet. Offenbar ein Blaupfeilart. Es war also naheliegend zu vermutend, dass die zweite Libelle vielleicht das Weibchen dazu sein k\u00f6nnte, aber gemustert wie ein BVB-Spieler? Ein Vergleich mit den hervorragenden Fotos auf der CD zu Libellen in Norddeutschland von Dietmar Glitz zeigte, dass es sich um einen weiblichen Gro\u00dfen Blaupfeil handeln muss. Schwarze Hinterleibsanh\u00e4nge und schwarze Fl\u00fcgelflecken deuten auf diese Art hin bzw. unterscheiden diese von anderen Blaupfeilen. Im NSG Kiesgrube D\u00fcnstekoven sollen der S\u00fcdliche und der Gro\u00dfe Blaupfeil vorkommen. Katharina Koch hat in ihrer Arbeit \u00fcber die Libellen im Kottenforst den Gro\u00dfen Blaupfeil vorgefunden. Eine also durchaus in der Gegend vorkommende Art. Hinzu kommt die Beobachtung vom 8.6.2013 im Bereich der Kiesgrube Flerzheim.<\/p>\n<p style=\"text-align: justify;\">Woher kommt aber die Libelle? Nur auf der Durchreise? Im vorigen Jahr konnte ich mehrfach eine blaue Libelle am Teich beobachten, die aber immer so hektisch umherflog, dass ich die Art nicht bestimmen konnte. Ich hatte damals auf einen Plattbauch getippt, aber wer wei\u00df, vielleicht hatten wir in 2012 ja schon den Blaupfeil am Teich. Mal sehen, ob weitere Beobachtungen dieser Art hinzukommen.<\/p>\n","protected":false},"excerpt":{"rendered":"<p>Etwas hektisch flog heute eine gelbliche Libelle im hohen Gras unseres Naturgrundst\u00fccks umher. Irgendwann blieb sie dann doch ganz kurz sitzen und erm\u00f6glichte ein Foto. Bei der Bestimmung gab sie mir zun\u00e4chst einige R\u00e4tsel auf.<\/p>\n","protected":false},"author":2,"featured_media":273,"comment_status":"closed","ping_status":"closed","sticky":false,"template":"","format":"standard","meta":{"footnotes":""},"categories":[4,8],"tags":[170,169,166,167,454,168],"_links":{"self":[{"href":"http:\/\/naturgartenblog.wgrverlag.de\/index.php?rest_route=\/wp\/v2\/posts\/272"}],"collection":[{"href":"http:\/\/naturgartenblog.wgrverlag.de\/index.php?rest_route=\/wp\/v2\/posts"}],"about":[{"href":"http:\/\/naturgartenblog.wgrverlag.de\/index.php?rest_route=\/wp\/v2\/types\/post"}],"author":[{"embeddable":true,"href":"http:\/\/naturgartenblog.wgrverlag.de\/index.php?rest_route=\/wp\/v2\/users\/2"}],"replies":[{"embeddable":true,"href":"http:\/\/naturgartenblog.wgrverlag.de\/index.php?rest_route=%2Fwp%2Fv2%2Fcomments&post=272"}],"version-history":[{"count":2,"href":"http:\/\/naturgartenblog.wgrverlag.de\/index.php?rest_route=\/wp\/v2\/posts\/272\/revisions"}],"predecessor-version":[{"id":626,"href":"http:\/\/naturgartenblog.wgrverlag.de\/index.php?rest_route=\/wp\/v2\/posts\/272\/revisions\/626"}],"wp:featuredmedia":[{"embeddable":true,"href":"http:\/\/naturgartenblog.wgrverlag.de\/index.php?rest_route=\/wp\/v2\/media\/273"}],"wp:attachment":[{"href":"http:\/\/naturgartenblog.wgrverlag.de\/index.php?rest_route=%2Fwp%2Fv2%2Fmedia&parent=272"}],"wp:term":[{"taxonomy":"category","embeddable":true,"href":"http:\/\/naturgartenblog.wgrverlag.de\/index.php?rest_route=%2Fwp%2Fv2%2Fcategories&post=272"},{"taxonomy":"post_tag","embeddable":true,"href":"http:\/\/naturgartenblog.wgrverlag.de\/index.php?rest_route=%2Fwp%2Fv2%2Ftags&post=272"}],"curies":[{"name":"wp","href":"https:\/\/api.w.org\/{rel}","templated":true}]}}