{"id":261,"date":"2013-06-05T23:30:55","date_gmt":"2013-06-05T21:30:55","guid":{"rendered":"http:\/\/naturgartenblog.wgrverlag.de\/?p=261"},"modified":"2014-05-06T12:33:44","modified_gmt":"2014-05-06T10:33:44","slug":"der-gemeine-widderbock","status":"publish","type":"post","link":"http:\/\/naturgartenblog.wgrverlag.de\/?p=261","title":{"rendered":"Der Gemeine Widderbock"},"content":{"rendered":"<p>Wieder eine andere K\u00e4ferart am Wegrand gefunden. Diesmal d\u00fcrfte mir aber die Artbestimmung wohl gelungen sein.<\/p>\n<div id=\"attachment_262\" style=\"width: 635px\" class=\"wp-caption aligncenter\"><a href=\"http:\/\/naturgartenblog.wgrverlag.de\/wp-content\/uploads\/2013\/06\/Clytus-arietis-05062013.jpg\"><img aria-describedby=\"caption-attachment-262\" decoding=\"async\" loading=\"lazy\" class=\"size-large wp-image-262\" alt=\"Gemeiner Widderbock\" src=\"http:\/\/naturgartenblog.wgrverlag.de\/wp-content\/uploads\/2013\/06\/Clytus-arietis-05062013-1024x893.jpg\" width=\"625\" height=\"545\" srcset=\"http:\/\/naturgartenblog.wgrverlag.de\/wp-content\/uploads\/2013\/06\/Clytus-arietis-05062013-1024x893.jpg 1024w, http:\/\/naturgartenblog.wgrverlag.de\/wp-content\/uploads\/2013\/06\/Clytus-arietis-05062013-300x261.jpg 300w, http:\/\/naturgartenblog.wgrverlag.de\/wp-content\/uploads\/2013\/06\/Clytus-arietis-05062013-624x544.jpg 624w, http:\/\/naturgartenblog.wgrverlag.de\/wp-content\/uploads\/2013\/06\/Clytus-arietis-05062013.jpg 1100w\" sizes=\"(max-width: 625px) 100vw, 625px\" \/><\/a><p id=\"caption-attachment-262\" class=\"wp-caption-text\">Gemeiner Widderbock<\/p><\/div>\n<p style=\"text-align: justify;\"><!--more-->Der am Rand des &#8222;Waldgartens&#8220; gefundene K\u00e4fer ist ein Gemeiner Widderbock <em>(Clytus arietis)<\/em>. Ein wohl auch in NRW und insgesamt in Deutschland recht weit verbreiteter K\u00e4fer, der nicht auf der Roten Liste zu finden ist. Die Art ist nach dem Bundesnaturschutzgesetz und der Bundesartenschutzverordnung als besonders gesch\u00fctzt eingestuft. Zur Nektaraufnahme bevorzugt er neben Doldenbl\u00fctlern die Bl\u00fcten des Wei\u00dfdorns. Ein \u00e4lterer Wei\u00dfdornstrauch bl\u00fcht gerade in der N\u00e4he, au\u00dferdem ern\u00e4hren die Larven sich vom Totholz u.a. der Eiche und Buche. Da hat wohl jemand von meinen Totholz- und Reisighaufen im Waldgarten profitiert. Wenn die im Herbst gepflanzten Wei\u00dfdornstr\u00e4ucher weiterhin gut anwachsen und dann im n\u00e4chsten Jahr wohl auch reichlich bl\u00fchen, werden sich die Lebensbedinungen f\u00fcr dieses K\u00e4ferchen nochmals verbessern.<\/p>\n<p>&nbsp;<\/p>\n<p>&nbsp;<\/p>\n<p>&nbsp;<\/p>\n","protected":false},"excerpt":{"rendered":"<p>Wieder eine andere K\u00e4ferart am Wegrand gefunden. Diesmal d\u00fcrfte mir aber die Artbestimmung wohl gelungen sein.<\/p>\n","protected":false},"author":2,"featured_media":0,"comment_status":"closed","ping_status":"closed","sticky":false,"template":"","format":"standard","meta":{"footnotes":""},"categories":[3,9],"tags":[157,161,158,156,160,155,138,137,139],"_links":{"self":[{"href":"http:\/\/naturgartenblog.wgrverlag.de\/index.php?rest_route=\/wp\/v2\/posts\/261"}],"collection":[{"href":"http:\/\/naturgartenblog.wgrverlag.de\/index.php?rest_route=\/wp\/v2\/posts"}],"about":[{"href":"http:\/\/naturgartenblog.wgrverlag.de\/index.php?rest_route=\/wp\/v2\/types\/post"}],"author":[{"embeddable":true,"href":"http:\/\/naturgartenblog.wgrverlag.de\/index.php?rest_route=\/wp\/v2\/users\/2"}],"replies":[{"embeddable":true,"href":"http:\/\/naturgartenblog.wgrverlag.de\/index.php?rest_route=%2Fwp%2Fv2%2Fcomments&post=261"}],"version-history":[{"count":6,"href":"http:\/\/naturgartenblog.wgrverlag.de\/index.php?rest_route=\/wp\/v2\/posts\/261\/revisions"}],"predecessor-version":[{"id":627,"href":"http:\/\/naturgartenblog.wgrverlag.de\/index.php?rest_route=\/wp\/v2\/posts\/261\/revisions\/627"}],"wp:attachment":[{"href":"http:\/\/naturgartenblog.wgrverlag.de\/index.php?rest_route=%2Fwp%2Fv2%2Fmedia&parent=261"}],"wp:term":[{"taxonomy":"category","embeddable":true,"href":"http:\/\/naturgartenblog.wgrverlag.de\/index.php?rest_route=%2Fwp%2Fv2%2Fcategories&post=261"},{"taxonomy":"post_tag","embeddable":true,"href":"http:\/\/naturgartenblog.wgrverlag.de\/index.php?rest_route=%2Fwp%2Fv2%2Ftags&post=261"}],"curies":[{"name":"wp","href":"https:\/\/api.w.org\/{rel}","templated":true}]}}