{"id":246,"date":"2013-06-02T23:52:23","date_gmt":"2013-06-02T21:52:23","guid":{"rendered":"http:\/\/naturgartenblog.wgrverlag.de\/?p=246"},"modified":"2014-05-06T12:34:04","modified_gmt":"2014-05-06T10:34:04","slug":"artenvielfalt-zum-junibeginn","status":"publish","type":"post","link":"http:\/\/naturgartenblog.wgrverlag.de\/?p=246","title":{"rendered":"Artenvielfalt zum Junibeginn"},"content":{"rendered":"<p>Mit leichter Erw\u00e4rmung im Juni zeigten sich auch ein paar Tiere mehr. Auf unserer Wiese waren wieder einige K\u00e4fer unterwegs, deren Bestimmung mir noch ein paar Schwierigkeiten macht, weshalb sie zur\u00fcckgestellt wird. Pr\u00e4sentieren will ich aber die Tierchen schon:<\/p>\n<div id=\"attachment_208\" style=\"width: 385px\" class=\"wp-caption aligncenter\"><a href=\"http:\/\/naturgartenblog.wgrverlag.de\/wp-content\/uploads\/2013\/06\/Oranje_K\u00e4fer_unbekannt.jpg\"><img aria-describedby=\"caption-attachment-208\" decoding=\"async\" loading=\"lazy\" class=\" wp-image-208 \" alt=\"Weichk\u00e4fer?\" src=\"http:\/\/naturgartenblog.wgrverlag.de\/wp-content\/uploads\/2013\/06\/Oranje_K\u00e4fer_unbekannt-1024x842.jpg\" width=\"375\" height=\"308\" srcset=\"http:\/\/naturgartenblog.wgrverlag.de\/wp-content\/uploads\/2013\/06\/Oranje_K\u00e4fer_unbekannt-1024x842.jpg 1024w, http:\/\/naturgartenblog.wgrverlag.de\/wp-content\/uploads\/2013\/06\/Oranje_K\u00e4fer_unbekannt-300x246.jpg 300w, http:\/\/naturgartenblog.wgrverlag.de\/wp-content\/uploads\/2013\/06\/Oranje_K\u00e4fer_unbekannt-624x513.jpg 624w, http:\/\/naturgartenblog.wgrverlag.de\/wp-content\/uploads\/2013\/06\/Oranje_K\u00e4fer_unbekannt.jpg 1100w\" sizes=\"(max-width: 375px) 100vw, 375px\" \/><\/a><p id=\"caption-attachment-208\" class=\"wp-caption-text\">Weichk\u00e4fer?<\/p><\/div>\n<p><!--more--><\/p>\n<div id=\"attachment_219\" style=\"width: 448px\" class=\"wp-caption aligncenter\"><a href=\"http:\/\/naturgartenblog.wgrverlag.de\/wp-content\/uploads\/2013\/06\/ein-toller-K\u00e4fer.jpg\"><img aria-describedby=\"caption-attachment-219\" decoding=\"async\" loading=\"lazy\" class=\" wp-image-219 \" alt=\"Riesenk\u00e4fer\" src=\"http:\/\/naturgartenblog.wgrverlag.de\/wp-content\/uploads\/2013\/06\/ein-toller-K\u00e4fer-1024x779.jpg\" width=\"438\" height=\"333\" srcset=\"http:\/\/naturgartenblog.wgrverlag.de\/wp-content\/uploads\/2013\/06\/ein-toller-K\u00e4fer-1024x779.jpg 1024w, http:\/\/naturgartenblog.wgrverlag.de\/wp-content\/uploads\/2013\/06\/ein-toller-K\u00e4fer-300x228.jpg 300w, http:\/\/naturgartenblog.wgrverlag.de\/wp-content\/uploads\/2013\/06\/ein-toller-K\u00e4fer-624x474.jpg 624w, http:\/\/naturgartenblog.wgrverlag.de\/wp-content\/uploads\/2013\/06\/ein-toller-K\u00e4fer.jpg 1100w\" sizes=\"(max-width: 438px) 100vw, 438px\" \/><\/a><p id=\"caption-attachment-219\" class=\"wp-caption-text\">Riesenk\u00e4fer &#8211; Kleiner Eichenbock<\/p><\/div>\n<p style=\"text-align: justify;\">Nachtrag 17.6.: Am 17.6. habe ich diesen K\u00e4fer nachtr\u00e4glich als Kleinen Eichenbock bzw. Kleinen Heldbock <em>(Cerambyx Scopolii)<\/em>. Ich war mir nicht ganz sicher, ob es sich nicht doch um den Gro\u00dfen Eichenbock (C. cerdo) handeln k\u00f6nnte.Die Unterscheidungsmerkmale sind auf einem Blatt des <a href=\"http:\/\/www.ffh-anhang4.bfn.de\/fileadmin\/AN4\/documents\/coleoptera\/Cerambyx_cerdo_Merkm.pdf\" target=\"_blank\">BfN<\/a> sehr sch\u00f6n aufgeschl\u00fcsselt. Der hier vorgefundene K\u00e4fer ist einheitlich schwarz, der Gro\u00dfe Eichenbock ist dagegen am Ende rotbraun, noch einige andere Merkmale deuten auf den Kleinen. Zur Sicherheit habe ich mir die Bestimmung von <a href=\"http:\/\/www.kerbtier.de\" target=\"_blank\">Christoph Benisch<\/a> best\u00e4tigen lassen. Vielen Dank! Dieser K\u00e4fer ist streng gesch\u00fctzt und auf der Roten Liste als gef\u00e4hrdet eingestuft, wenngleich er nicht so selten und nicht so extrem gesch\u00fctzt ist, wie der Gro\u00dfe Heldbock, der in NRW zu den planungsrelevanten Arten z\u00e4hlt. Jedenfalls ist dieser Fund wohl schon etwas Besonderes, weil die Arbeitsgemeinschaft Rhenischer Kolepterologen von besonderen Wiederfunden berichtet. Hierbei wird von einem Fund in Heimerzheim 1997 berichtet, allerdings wurden die betreffenden Brutb\u00e4ume gef\u00e4llt. Zuletzt fand man in Brenig auf alten Streuobstwiesen Brutspuren dieses K\u00e4fers, wobei der K\u00e4fer wohl aber nicht gesichtet wurde, aber jetzt gibt es ja wieder eine Sichtung im Bereich der Ville.<\/p>\n<div id=\"attachment_220\" style=\"width: 370px\" class=\"wp-caption aligncenter\"><a href=\"http:\/\/naturgartenblog.wgrverlag.de\/wp-content\/uploads\/2013\/06\/ein-kleiner-K\u00e4fer.jpg\"><img aria-describedby=\"caption-attachment-220\" decoding=\"async\" loading=\"lazy\" class=\" wp-image-220  \" alt=\"K\u00e4fer unbekannt\" src=\"http:\/\/naturgartenblog.wgrverlag.de\/wp-content\/uploads\/2013\/06\/ein-kleiner-K\u00e4fer.jpg\" width=\"360\" height=\"278\" srcset=\"http:\/\/naturgartenblog.wgrverlag.de\/wp-content\/uploads\/2013\/06\/ein-kleiner-K\u00e4fer.jpg 1000w, http:\/\/naturgartenblog.wgrverlag.de\/wp-content\/uploads\/2013\/06\/ein-kleiner-K\u00e4fer-300x231.jpg 300w, http:\/\/naturgartenblog.wgrverlag.de\/wp-content\/uploads\/2013\/06\/ein-kleiner-K\u00e4fer-624x481.jpg 624w\" sizes=\"(max-width: 360px) 100vw, 360px\" \/><\/a><p id=\"caption-attachment-220\" class=\"wp-caption-text\">K\u00e4fer unbekannt -&gt; Nachtrag: Phytoecia cylindrica<\/p><\/div>\n<p style=\"text-align: justify;\">Nachtrag 19.6.2013: Artbestimmung mit Hilfe von Kerbtier.de. Ich hatte Agapanthia intermedia vermutet, allerdings weicht das Aussehen an einigen Punkten ab, z.B. das helle vordere Beinpaar. C. Benisch hat diesen K\u00e4fer als <em>Phytoecia cylindric<\/em>a, Zylindrischer Walzenhalsbock, bestimmt. Dieser kleine Bockk\u00e4fer, den ich in der N\u00e4he des Eichenbocks fand, soll in der Roten Liste NRW als stark gef\u00e4hrdet eingestuft sein, was ich aber in der Onlineversion bisher nicht nachpr\u00fcfen konnte.<\/p>\n<div id=\"attachment_221\" style=\"width: 490px\" class=\"wp-caption aligncenter\"><a href=\"http:\/\/naturgartenblog.wgrverlag.de\/wp-content\/uploads\/2013\/06\/noch-ein-toller-K\u00e4fer.jpg\"><img aria-describedby=\"caption-attachment-221\" decoding=\"async\" loading=\"lazy\" class=\" wp-image-221 \" alt=\"Kleiner K\u00e4fer\" src=\"http:\/\/naturgartenblog.wgrverlag.de\/wp-content\/uploads\/2013\/06\/noch-ein-toller-K\u00e4fer.jpg\" width=\"480\" height=\"328\" srcset=\"http:\/\/naturgartenblog.wgrverlag.de\/wp-content\/uploads\/2013\/06\/noch-ein-toller-K\u00e4fer.jpg 800w, http:\/\/naturgartenblog.wgrverlag.de\/wp-content\/uploads\/2013\/06\/noch-ein-toller-K\u00e4fer-300x205.jpg 300w, http:\/\/naturgartenblog.wgrverlag.de\/wp-content\/uploads\/2013\/06\/noch-ein-toller-K\u00e4fer-624x426.jpg 624w\" sizes=\"(max-width: 480px) 100vw, 480px\" \/><\/a><p id=\"caption-attachment-221\" class=\"wp-caption-text\">Kleiner K\u00e4fer<\/p><\/div>\n<div id=\"attachment_226\" style=\"width: 520px\" class=\"wp-caption aligncenter\"><a href=\"http:\/\/naturgartenblog.wgrverlag.de\/wp-content\/uploads\/2013\/06\/noch-ein-K\u00e4fer-unbestimmt.jpg\"><img aria-describedby=\"caption-attachment-226\" decoding=\"async\" loading=\"lazy\" class=\" wp-image-226  \" alt=\"K\u00e4fer unbekannt\" src=\"http:\/\/naturgartenblog.wgrverlag.de\/wp-content\/uploads\/2013\/06\/noch-ein-K\u00e4fer-unbestimmt.jpg\" width=\"510\" height=\"390\" srcset=\"http:\/\/naturgartenblog.wgrverlag.de\/wp-content\/uploads\/2013\/06\/noch-ein-K\u00e4fer-unbestimmt.jpg 850w, http:\/\/naturgartenblog.wgrverlag.de\/wp-content\/uploads\/2013\/06\/noch-ein-K\u00e4fer-unbestimmt-300x229.jpg 300w, http:\/\/naturgartenblog.wgrverlag.de\/wp-content\/uploads\/2013\/06\/noch-ein-K\u00e4fer-unbestimmt-624x477.jpg 624w\" sizes=\"(max-width: 510px) 100vw, 510px\" \/><\/a><p id=\"caption-attachment-226\" class=\"wp-caption-text\">K\u00e4fer unbekannt<\/p><\/div>\n<p style=\"text-align: center;\"><a href=\"http:\/\/naturgartenblog.wgrverlag.de\/wp-content\/uploads\/2013\/06\/Ganzk\u00e4fer-unbestimmt.jpg\"><img decoding=\"async\" loading=\"lazy\" class=\"aligncenter  wp-image-227\" alt=\"Glanzk\u00e4fer unbestimmt\" src=\"http:\/\/naturgartenblog.wgrverlag.de\/wp-content\/uploads\/2013\/06\/Ganzk\u00e4fer-unbestimmt.jpg\" width=\"357\" height=\"259\" srcset=\"http:\/\/naturgartenblog.wgrverlag.de\/wp-content\/uploads\/2013\/06\/Ganzk\u00e4fer-unbestimmt.jpg 850w, http:\/\/naturgartenblog.wgrverlag.de\/wp-content\/uploads\/2013\/06\/Ganzk\u00e4fer-unbestimmt-300x217.jpg 300w, http:\/\/naturgartenblog.wgrverlag.de\/wp-content\/uploads\/2013\/06\/Ganzk\u00e4fer-unbestimmt-624x452.jpg 624w\" sizes=\"(max-width: 357px) 100vw, 357px\" \/><\/a><\/p>\n<p style=\"text-align: left;\">Nachtrag 19.6.2013:<\/p>\n<p style=\"text-align: left;\">Auch dieses kleine K\u00e4ferchen, rund 6mm gro\u00df, metallisch gl\u00e4nend in gr\u00fcn-gelb, konnte von mir jetzt als Chrysolina fastuosa bestimmt werden, was von C. Benisch best\u00e4tigt wurde. Deutsch hei\u00dft er oval\u00e4ugiger Blattk\u00e4fer.<\/p>\n<p style=\"text-align: left;\">Die Tierchen sind nicht immer nur sch\u00f6n anzusehen. Einige dieser Raupen (?) haben unseren frisch gepflanzten<em> Gemeinen Schneeball (Viburnum opulus)<\/em> nahezu komplett aufgefressen. Mal sehen, ob die Pflanze das \u00fcberlebt. Der Schneeball ist Bestandteil der Wildgeh\u00f6lzhecke, die das Naturgrundst\u00fcck an beiden Enden begrenzt und ein Aufenthaltsort f\u00fcr V\u00f6gel werden soll.<\/p>\n<p style=\"text-align: center;\"><a href=\"http:\/\/naturgartenblog.wgrverlag.de\/wp-content\/uploads\/2013\/06\/Schneeballfresser.jpg\"><img decoding=\"async\" loading=\"lazy\" class=\"aligncenter  wp-image-209\" alt=\"Schneeballfresser\" src=\"http:\/\/naturgartenblog.wgrverlag.de\/wp-content\/uploads\/2013\/06\/Schneeballfresser-1024x833.jpg\" width=\"500\" height=\"406\" srcset=\"http:\/\/naturgartenblog.wgrverlag.de\/wp-content\/uploads\/2013\/06\/Schneeballfresser-1024x833.jpg 1024w, http:\/\/naturgartenblog.wgrverlag.de\/wp-content\/uploads\/2013\/06\/Schneeballfresser-300x244.jpg 300w, http:\/\/naturgartenblog.wgrverlag.de\/wp-content\/uploads\/2013\/06\/Schneeballfresser-624x507.jpg 624w, http:\/\/naturgartenblog.wgrverlag.de\/wp-content\/uploads\/2013\/06\/Schneeballfresser.jpg 1100w\" sizes=\"(max-width: 500px) 100vw, 500px\" \/><\/a>Auch Schmetterlinge waren unterwegs, diesen Weissling fand ich auf der Wiese des Naturgrundst\u00fccks. Vielleicht ein M\u00e4nnchen des kleinen Kohlwei\u00dflings.<\/p>\n<p style=\"text-align: center;\"><a href=\"http:\/\/naturgartenblog.wgrverlag.de\/wp-content\/uploads\/2013\/06\/Weissling-unbestimmt.jpg\"><img decoding=\"async\" loading=\"lazy\" class=\"aligncenter  wp-image-216\" alt=\"Weissling unbestimmt\" src=\"http:\/\/naturgartenblog.wgrverlag.de\/wp-content\/uploads\/2013\/06\/Weissling-unbestimmt.jpg\" width=\"576\" height=\"522\" srcset=\"http:\/\/naturgartenblog.wgrverlag.de\/wp-content\/uploads\/2013\/06\/Weissling-unbestimmt.jpg 900w, http:\/\/naturgartenblog.wgrverlag.de\/wp-content\/uploads\/2013\/06\/Weissling-unbestimmt-300x271.jpg 300w, http:\/\/naturgartenblog.wgrverlag.de\/wp-content\/uploads\/2013\/06\/Weissling-unbestimmt-624x565.jpg 624w\" sizes=\"(max-width: 576px) 100vw, 576px\" \/><\/a><\/p>\n<p style=\"text-align: left;\">Auch im Hausgarten waren Wei\u00dflinge unterwegs:<\/p>\n<p style=\"text-align: center;\"><a href=\"http:\/\/naturgartenblog.wgrverlag.de\/wp-content\/uploads\/2013\/06\/Weissling-unbestimmt-2-Unterseite.jpg\"><img decoding=\"async\" loading=\"lazy\" class=\"aligncenter  wp-image-224\" alt=\"Weissling unbestimmt 2 Unterseite\" src=\"http:\/\/naturgartenblog.wgrverlag.de\/wp-content\/uploads\/2013\/06\/Weissling-unbestimmt-2-Unterseite.jpg\" width=\"576\" height=\"498\" srcset=\"http:\/\/naturgartenblog.wgrverlag.de\/wp-content\/uploads\/2013\/06\/Weissling-unbestimmt-2-Unterseite.jpg 900w, http:\/\/naturgartenblog.wgrverlag.de\/wp-content\/uploads\/2013\/06\/Weissling-unbestimmt-2-Unterseite-300x259.jpg 300w, http:\/\/naturgartenblog.wgrverlag.de\/wp-content\/uploads\/2013\/06\/Weissling-unbestimmt-2-Unterseite-624x540.jpg 624w\" sizes=\"(max-width: 576px) 100vw, 576px\" \/><\/a> <a href=\"http:\/\/naturgartenblog.wgrverlag.de\/wp-content\/uploads\/2013\/06\/Weissling-unbestimmt-2.jpg\"><img decoding=\"async\" loading=\"lazy\" class=\"aligncenter  wp-image-223\" alt=\"Weissling unbestimmt 2\" src=\"http:\/\/naturgartenblog.wgrverlag.de\/wp-content\/uploads\/2013\/06\/Weissling-unbestimmt-2-1024x891.jpg\" width=\"500\" height=\"434\" srcset=\"http:\/\/naturgartenblog.wgrverlag.de\/wp-content\/uploads\/2013\/06\/Weissling-unbestimmt-2-1024x891.jpg 1024w, http:\/\/naturgartenblog.wgrverlag.de\/wp-content\/uploads\/2013\/06\/Weissling-unbestimmt-2-300x261.jpg 300w, http:\/\/naturgartenblog.wgrverlag.de\/wp-content\/uploads\/2013\/06\/Weissling-unbestimmt-2-624x543.jpg 624w, http:\/\/naturgartenblog.wgrverlag.de\/wp-content\/uploads\/2013\/06\/Weissling-unbestimmt-2.jpg 1100w\" sizes=\"(max-width: 500px) 100vw, 500px\" \/><\/a><\/p>\n<p style=\"text-align: left;\">Auch bei diesem Exemplar bin ich mir mit der Bestimmung nicht ganz sicher. Es k\u00f6nnte ein Weibchen des Rapswei\u00dflings bzw. Gr\u00fcnaderwei\u00dflings sein.<\/p>\n<p style=\"text-align: left;\"><a href=\"http:\/\/naturgartenblog.wgrverlag.de\/wp-content\/uploads\/2013\/06\/Skorpionsfliege-oder.jpg\"><img decoding=\"async\" loading=\"lazy\" alt=\"Skorpionsfliege oder\" src=\"http:\/\/naturgartenblog.wgrverlag.de\/wp-content\/uploads\/2013\/06\/Skorpionsfliege-oder.jpg\" width=\"384\" height=\"255\" \/><\/a><\/p>\n<p style=\"text-align: left;\">Diese Skoprionsfliege fand ich heute im Waldgarten auf einem Brombeerblatt. Und ein paar Libellen waren auch wieder unterwegs. Fr\u00fche Adonislibellen und Vierfleck flogen umher. Ein Vierfleckweibchen konnte ich bei der Eiablage im kleineren Teich beobachten.<\/p>\n<p style=\"text-align: left;\"><a href=\"http:\/\/naturgartenblog.wgrverlag.de\/wp-content\/uploads\/2013\/06\/Fr\u00fche-Adonislibelle.jpg\"><img decoding=\"async\" loading=\"lazy\" class=\"aligncenter size-full wp-image-213\" alt=\"Fr\u00fche Adonislibelle\" src=\"http:\/\/naturgartenblog.wgrverlag.de\/wp-content\/uploads\/2013\/06\/Fr\u00fche-Adonislibelle.jpg\" width=\"1100\" height=\"1506\" srcset=\"http:\/\/naturgartenblog.wgrverlag.de\/wp-content\/uploads\/2013\/06\/Fr\u00fche-Adonislibelle.jpg 1100w, http:\/\/naturgartenblog.wgrverlag.de\/wp-content\/uploads\/2013\/06\/Fr\u00fche-Adonislibelle-219x300.jpg 219w, http:\/\/naturgartenblog.wgrverlag.de\/wp-content\/uploads\/2013\/06\/Fr\u00fche-Adonislibelle-747x1024.jpg 747w, http:\/\/naturgartenblog.wgrverlag.de\/wp-content\/uploads\/2013\/06\/Fr\u00fche-Adonislibelle-624x854.jpg 624w\" sizes=\"(max-width: 1100px) 100vw, 1100px\" \/><\/a> <a href=\"http:\/\/naturgartenblog.wgrverlag.de\/wp-content\/uploads\/2013\/06\/Vierfleck-beim-Sonnenbad.jpg\"><img decoding=\"async\" loading=\"lazy\" class=\"aligncenter size-full wp-image-214\" alt=\"Vierfleck beim Sonnenbad\" src=\"http:\/\/naturgartenblog.wgrverlag.de\/wp-content\/uploads\/2013\/06\/Vierfleck-beim-Sonnenbad.jpg\" width=\"1100\" height=\"731\" srcset=\"http:\/\/naturgartenblog.wgrverlag.de\/wp-content\/uploads\/2013\/06\/Vierfleck-beim-Sonnenbad.jpg 1100w, http:\/\/naturgartenblog.wgrverlag.de\/wp-content\/uploads\/2013\/06\/Vierfleck-beim-Sonnenbad-300x199.jpg 300w, http:\/\/naturgartenblog.wgrverlag.de\/wp-content\/uploads\/2013\/06\/Vierfleck-beim-Sonnenbad-1024x680.jpg 1024w, http:\/\/naturgartenblog.wgrverlag.de\/wp-content\/uploads\/2013\/06\/Vierfleck-beim-Sonnenbad-624x414.jpg 624w\" sizes=\"(max-width: 1100px) 100vw, 1100px\" \/><\/a> <a href=\"http:\/\/naturgartenblog.wgrverlag.de\/wp-content\/uploads\/2013\/06\/Vierfleck-Frontal.jpg\"><img decoding=\"async\" loading=\"lazy\" class=\"aligncenter size-full wp-image-215\" alt=\"Vierfleck Frontal\" src=\"http:\/\/naturgartenblog.wgrverlag.de\/wp-content\/uploads\/2013\/06\/Vierfleck-Frontal.jpg\" width=\"1100\" height=\"731\" srcset=\"http:\/\/naturgartenblog.wgrverlag.de\/wp-content\/uploads\/2013\/06\/Vierfleck-Frontal.jpg 1100w, http:\/\/naturgartenblog.wgrverlag.de\/wp-content\/uploads\/2013\/06\/Vierfleck-Frontal-300x199.jpg 300w, http:\/\/naturgartenblog.wgrverlag.de\/wp-content\/uploads\/2013\/06\/Vierfleck-Frontal-1024x680.jpg 1024w, http:\/\/naturgartenblog.wgrverlag.de\/wp-content\/uploads\/2013\/06\/Vierfleck-Frontal-624x414.jpg 624w\" sizes=\"(max-width: 1100px) 100vw, 1100px\" \/><\/a><\/p>\n","protected":false},"excerpt":{"rendered":"<p>Mit leichter Erw\u00e4rmung im Juni zeigten sich auch ein paar Tiere mehr. Auf unserer Wiese waren wieder einige K\u00e4fer unterwegs, deren Bestimmung mir noch ein paar Schwierigkeiten macht, weshalb sie zur\u00fcckgestellt wird. Pr\u00e4sentieren will ich aber die Tierchen schon:<\/p>\n","protected":false},"author":2,"featured_media":0,"comment_status":"closed","ping_status":"closed","sticky":false,"template":"","format":"standard","meta":{"footnotes":""},"categories":[3,29,4,12,8,9],"tags":[213,217,68,146,154,142,147,140,214,212,211,148,218,215,39,144,81,141,143,153,145,216],"_links":{"self":[{"href":"http:\/\/naturgartenblog.wgrverlag.de\/index.php?rest_route=\/wp\/v2\/posts\/246"}],"collection":[{"href":"http:\/\/naturgartenblog.wgrverlag.de\/index.php?rest_route=\/wp\/v2\/posts"}],"about":[{"href":"http:\/\/naturgartenblog.wgrverlag.de\/index.php?rest_route=\/wp\/v2\/types\/post"}],"author":[{"embeddable":true,"href":"http:\/\/naturgartenblog.wgrverlag.de\/index.php?rest_route=\/wp\/v2\/users\/2"}],"replies":[{"embeddable":true,"href":"http:\/\/naturgartenblog.wgrverlag.de\/index.php?rest_route=%2Fwp%2Fv2%2Fcomments&post=246"}],"version-history":[{"count":14,"href":"http:\/\/naturgartenblog.wgrverlag.de\/index.php?rest_route=\/wp\/v2\/posts\/246\/revisions"}],"predecessor-version":[{"id":628,"href":"http:\/\/naturgartenblog.wgrverlag.de\/index.php?rest_route=\/wp\/v2\/posts\/246\/revisions\/628"}],"wp:attachment":[{"href":"http:\/\/naturgartenblog.wgrverlag.de\/index.php?rest_route=%2Fwp%2Fv2%2Fmedia&parent=246"}],"wp:term":[{"taxonomy":"category","embeddable":true,"href":"http:\/\/naturgartenblog.wgrverlag.de\/index.php?rest_route=%2Fwp%2Fv2%2Fcategories&post=246"},{"taxonomy":"post_tag","embeddable":true,"href":"http:\/\/naturgartenblog.wgrverlag.de\/index.php?rest_route=%2Fwp%2Fv2%2Ftags&post=246"}],"curies":[{"name":"wp","href":"https:\/\/api.w.org\/{rel}","templated":true}]}}