{"id":239,"date":"2013-06-01T23:51:46","date_gmt":"2013-06-01T21:51:46","guid":{"rendered":"http:\/\/naturgartenblog.wgrverlag.de\/?p=239"},"modified":"2014-05-06T12:35:13","modified_gmt":"2014-05-06T10:35:13","slug":"ein-maibaum-fur-die-greifvogel","status":"publish","type":"post","link":"http:\/\/naturgartenblog.wgrverlag.de\/?p=239","title":{"rendered":"Ein Maibaum f\u00fcr die Greifv\u00f6gel"},"content":{"rendered":"<p>31. Mai, <em>Maibaumabbau<\/em>. Willst Du den Baum f\u00fcr den Ofen haben? Brennholz? Die d\u00fcnne Birke? <a href=\"http:\/\/naturgartenblog.wgrverlag.de\/wp-content\/uploads\/2013\/06\/Maibaum-Greifvogelansitz.jpg\"><img decoding=\"async\" loading=\"lazy\" class=\"aligncenter size-large wp-image-225\" alt=\"Maibaum Greifvogelansitz\" src=\"http:\/\/naturgartenblog.wgrverlag.de\/wp-content\/uploads\/2013\/06\/Maibaum-Greifvogelansitz-1024x680.jpg\" width=\"625\" height=\"415\" srcset=\"http:\/\/naturgartenblog.wgrverlag.de\/wp-content\/uploads\/2013\/06\/Maibaum-Greifvogelansitz-1024x680.jpg 1024w, http:\/\/naturgartenblog.wgrverlag.de\/wp-content\/uploads\/2013\/06\/Maibaum-Greifvogelansitz-300x199.jpg 300w, http:\/\/naturgartenblog.wgrverlag.de\/wp-content\/uploads\/2013\/06\/Maibaum-Greifvogelansitz-624x414.jpg 624w, http:\/\/naturgartenblog.wgrverlag.de\/wp-content\/uploads\/2013\/06\/Maibaum-Greifvogelansitz.jpg 1100w\" sizes=\"(max-width: 625px) 100vw, 625px\" \/><\/a> <!--more-->Immer wenn Holz mir nicht optimal f\u00fcr die <em>Brennholzgewinnung<\/em> erscheint, dann wird zun\u00e4chst \u00fcberlegt, ob die Natur nichts davon haben k\u00f6nnte. <em>Totholz<\/em> mit vielen L\u00f6chern, h\u00e4ufig angefault, das kann die Natur viel besser gebrauchen, der Brennwert w\u00e4re ohnehineher bescheiden. Meine <em>Reisig- und Totholzhaufen<\/em> k\u00f6nnen immer Nachschub gebrauchen. Aber eine sch\u00f6ne frische Birke? So wie der Baum gewachsen war, kam mit auch da ein spontaner Gedanke, wie man ihn zum Nutzen der Natur weiterverwenden k\u00f6nnte, bevor er dann vielleicht doch eines Tages zu Brennholz wird. Unsere &#8222;Maik\u00f6nigin&#8220; und ihr ganz pers\u00f6nlicher Maik\u00f6nig stellten mir den Baum gro\u00dfz\u00fcglig zur Verf\u00fcgung und halfen auch bei der Umsetzung. Zun\u00e4chst wurden alle d\u00fcnnen Zweige entfernt und mit der Astschere als Verst\u00e4rkung f\u00fcr einen Reisighaufen geschnitten und im Waldgarten an geeigneter Stelle deponiert. Der Rest des Baumes bekam zwei Querlatten und einen neuen Standort in der \u00e4u\u00dfersten Ecke unseres Naturgrundst\u00fccks. M\u00f6glichst weit vom Wald und von des Nachbars Tannenw\u00e4ldchen, einer durchgegangenen Weihnachtsbaumkultur, entfernt. Freie Aussicht auf die umgebenden Weiden. Hier kreisen immer Bussarde und andere <em>Greifv\u00f6gel<\/em> und in rund f\u00fcnzig Metern Entfernung nutzen sie immer wieder eine Stange an einer Weide als Sitzplatz. Diese Stange dient aber als Br\u00fccke f\u00fcr den Weidezaun. Wenn Strom durch den Draht flie\u00dft, werden die Greife nicht viel Freude an diesem Ansitz haben. Es gibt also einige Argumente den neuen Sitzplatz einmal auszuprobieren. Mal sehen, ob und wann jemand davon Gebrauch macht.<\/p>\n","protected":false},"excerpt":{"rendered":"<p>31. Mai, Maibaumabbau. Willst Du den Baum f\u00fcr den Ofen haben? Brennholz? Die d\u00fcnne Birke?<\/p>\n","protected":false},"author":2,"featured_media":0,"comment_status":"closed","ping_status":"closed","sticky":false,"template":"","format":"standard","meta":{"footnotes":""},"categories":[8,9],"tags":[135,136,132,131,134,133,138,137,139],"_links":{"self":[{"href":"http:\/\/naturgartenblog.wgrverlag.de\/index.php?rest_route=\/wp\/v2\/posts\/239"}],"collection":[{"href":"http:\/\/naturgartenblog.wgrverlag.de\/index.php?rest_route=\/wp\/v2\/posts"}],"about":[{"href":"http:\/\/naturgartenblog.wgrverlag.de\/index.php?rest_route=\/wp\/v2\/types\/post"}],"author":[{"embeddable":true,"href":"http:\/\/naturgartenblog.wgrverlag.de\/index.php?rest_route=\/wp\/v2\/users\/2"}],"replies":[{"embeddable":true,"href":"http:\/\/naturgartenblog.wgrverlag.de\/index.php?rest_route=%2Fwp%2Fv2%2Fcomments&post=239"}],"version-history":[{"count":2,"href":"http:\/\/naturgartenblog.wgrverlag.de\/index.php?rest_route=\/wp\/v2\/posts\/239\/revisions"}],"predecessor-version":[{"id":631,"href":"http:\/\/naturgartenblog.wgrverlag.de\/index.php?rest_route=\/wp\/v2\/posts\/239\/revisions\/631"}],"wp:attachment":[{"href":"http:\/\/naturgartenblog.wgrverlag.de\/index.php?rest_route=%2Fwp%2Fv2%2Fmedia&parent=239"}],"wp:term":[{"taxonomy":"category","embeddable":true,"href":"http:\/\/naturgartenblog.wgrverlag.de\/index.php?rest_route=%2Fwp%2Fv2%2Fcategories&post=239"},{"taxonomy":"post_tag","embeddable":true,"href":"http:\/\/naturgartenblog.wgrverlag.de\/index.php?rest_route=%2Fwp%2Fv2%2Ftags&post=239"}],"curies":[{"name":"wp","href":"https:\/\/api.w.org\/{rel}","templated":true}]}}