{"id":171,"date":"2013-05-27T19:05:10","date_gmt":"2013-05-27T17:05:10","guid":{"rendered":"http:\/\/naturgartenblog.wgrverlag.de\/?p=171"},"modified":"2014-05-06T12:36:10","modified_gmt":"2014-05-06T10:36:10","slug":"fortsetzung-der-pfarrgartenreise","status":"publish","type":"post","link":"http:\/\/naturgartenblog.wgrverlag.de\/?p=171","title":{"rendered":"Fortsetzung der Pfarrgartenreise"},"content":{"rendered":"<p>Wie schon im ersten Artikel \u00fcber die <a title=\"Naturgartenreise in einen Pfarrgarten\" href=\"http:\/\/naturgartenblog.wgrverlag.de\/?p=156\">virtuelle Reise in den naturnahen Pfarrgarten<\/a> angek\u00fcndigt, will ich ein wenig mehr \u00fcber den Garten des Pfarrers berichten, der so viel Freude an Natur und Garten hat.<\/p>\n<p><!--more--><\/p>\n<p>Die evangelische Landekirche in W\u00fcrttemberg hat doch tats\u00e4chlich ein eigenes <a title=\"Umweltb\u00fcro\" href=\"http:\/\/www.umwelt.elk-wue.de\/index.php?id=39846#c105250\">Umweltb\u00fcro<\/a>, das die Gemeinden in Belangen des Umwelt- und Naturschutzes betreut. Auf der verlinkten Seite wird der Garten von Pfarrer Hofmann als Mini-Naturschutzgebiet gew\u00fcrdigt. Auch wird eine Postkartenserie mit Fotos aus dem Pfarrgarten herausgegeben. Eine sch\u00f6ne Idee die Freude an der Natur im Garten zu teilen.<\/p>\n<p>Hier ist auch der Verweis auf den Erfahrungsbericht des Pfarrers zu finden, den ich noch lesen wollte. Der Bericht enth\u00e4lt etliche Hinweise zur Vorgehensweise bei der <strong>Aussaat von Wildblumen<\/strong> und insbesondere der <strong>Bodenvorbereitung<\/strong>. Die Vorgehensweise orientiert sich im Wesentlichen an den Vorgaben des Saatgutlieferanten <em>Rieger-Hofmann<\/em>, die mir bereits bekannt waren. Allerdings hat man den Pfarrgarten von einer Fachfirma planen lassen und in einem Zug direkt als naturnahen Garten angelegt. Gl\u00fccklicherweise hatte man in der Firma <em>naturArt<\/em> aus Ludwigsburg eine Gartenbaufirma gefunden, die sich mit solchen Themen auskannte. Entsprechend wurde gro\u00dfer Wert auf die Bodenvorbereitung, besonders das <strong>Abmagern<\/strong> der B\u00f6den gelegt.<\/p>\n<p>Da hatten die Pfarrgartenbauer gegen\u00fcber mir einen Vorsprung. Ich musste mir die Erkenntnisse erst im Nachhinein erarbeiten, auch hat sich der Gedanke eines naturnahen Gartens schrittweise entwickelt. Vielleicht zum Gl\u00fcck. Denn alles gleichzeitig zu realisieren, w\u00e4re auch nicht leicht gewesen. Sch\u00f6n w\u00e4re nat\u00fcrlich gewesen, wenn unser Gartenbauer ein wenig erfahrener und offener hinsichtlich einer naturnahen Gartengestaltung gewesen w\u00e4re. Aber entscheidender war, dass er den Rahmen f\u00fcr den Garten nach meinen Ideen und Vorstellungen geschaffen hat. Besonders wichtig war hierbei die Erneuerung der Hangsicherung und Herstellung eines Weges, um den Hang begehen zu k\u00f6nnen. F\u00fcr die Bereiche, die als Steingarten, Trockenmauer und Wildblumenwiese geplant waren, w\u00e4re es nat\u00fcrlich sch\u00f6n gewesen, die Firma h\u00e4tte von sich aus vorgeschlagen den Boden abzumagern und nicht guten &#8222;Mutterboden&#8220; einzubringen.<\/p>\n<p>So ist es eben so, wie Pfarrer Hofmann es bei seinem Wildblumen- und Schmetterlingssaum erlebt hat. Ein fehlendes Abmagern erfordert zumindest in der ersten Zeit eine h\u00e4ufigere Mahd.<\/p>\n<p>Interessant finde ich in dem Bericht auch, dass der Pfarrer die Schaffung des naturnahen Gartens als <strong>biblischen Auftrag<\/strong> betrachtet. Er bezieht sich hierbei auf Psalm 104, wo David Gottes Sch\u00f6pfung lobt und die Rettung der Tiere durch die Arche. Jeder noch so kleine Schritt zur Erhaltung der Artenvielfalt erinnert immer ein wenig an <strong>Noahs Arche<\/strong>. So ist auch ein naturnaher Garten eine kleine Arche. Ich erinnere mich an eine Aussage des neuen Papstes nach seiner Amtseinf\u00fchrung, wo er zur Wahrung der Sch\u00f6pfung aufruft, aber das muss ich nochmal recherchieren, was Franziskus genau gesagt hat.<\/p>\n<p>Mit Schmetterlings- und Wildbienensaum, Schattsaum, Trockenmauern, w\u00e4rmeliebendem Saum, Steingarten, Blumenrasen und Feldblumenmischung beinhaltet der Pfarrgarten von Gro\u00dfaltdorf auf seinen gut 1000 qm naturnah gestalteter Fl\u00e4che viele Elemente eines naturnahen Gartens.<\/p>\n<p>Ich freue mich \u00fcber die Initiative des Pfarrers, seine Freude an der Natur und seinen Bericht zu seinen Erfahrungen mit dem Naturgarten.<\/p>\n","protected":false},"excerpt":{"rendered":"<p>Wie schon im ersten Artikel \u00fcber die virtuelle Reise in den naturnahen Pfarrgarten angek\u00fcndigt, will ich ein wenig mehr \u00fcber den Garten des Pfarrers berichten, der so viel Freude an Natur und Garten hat.<\/p>\n","protected":false},"author":2,"featured_media":0,"comment_status":"closed","ping_status":"closed","sticky":false,"template":"","format":"standard","meta":{"footnotes":""},"categories":[30,31,6,49],"tags":[120,110,111,118,104,112,117,109,121,113,116,106,119,114,115],"_links":{"self":[{"href":"http:\/\/naturgartenblog.wgrverlag.de\/index.php?rest_route=\/wp\/v2\/posts\/171"}],"collection":[{"href":"http:\/\/naturgartenblog.wgrverlag.de\/index.php?rest_route=\/wp\/v2\/posts"}],"about":[{"href":"http:\/\/naturgartenblog.wgrverlag.de\/index.php?rest_route=\/wp\/v2\/types\/post"}],"author":[{"embeddable":true,"href":"http:\/\/naturgartenblog.wgrverlag.de\/index.php?rest_route=\/wp\/v2\/users\/2"}],"replies":[{"embeddable":true,"href":"http:\/\/naturgartenblog.wgrverlag.de\/index.php?rest_route=%2Fwp%2Fv2%2Fcomments&post=171"}],"version-history":[{"count":10,"href":"http:\/\/naturgartenblog.wgrverlag.de\/index.php?rest_route=\/wp\/v2\/posts\/171\/revisions"}],"predecessor-version":[{"id":633,"href":"http:\/\/naturgartenblog.wgrverlag.de\/index.php?rest_route=\/wp\/v2\/posts\/171\/revisions\/633"}],"wp:attachment":[{"href":"http:\/\/naturgartenblog.wgrverlag.de\/index.php?rest_route=%2Fwp%2Fv2%2Fmedia&parent=171"}],"wp:term":[{"taxonomy":"category","embeddable":true,"href":"http:\/\/naturgartenblog.wgrverlag.de\/index.php?rest_route=%2Fwp%2Fv2%2Fcategories&post=171"},{"taxonomy":"post_tag","embeddable":true,"href":"http:\/\/naturgartenblog.wgrverlag.de\/index.php?rest_route=%2Fwp%2Fv2%2Ftags&post=171"}],"curies":[{"name":"wp","href":"https:\/\/api.w.org\/{rel}","templated":true}]}}