{"id":140,"date":"2013-05-25T00:15:01","date_gmt":"2013-05-24T22:15:01","guid":{"rendered":"http:\/\/naturgartenblog.wgrverlag.de\/?p=140"},"modified":"2014-05-06T12:37:07","modified_gmt":"2014-05-06T10:37:07","slug":"regen-hin-oder-her","status":"publish","type":"post","link":"http:\/\/naturgartenblog.wgrverlag.de\/?p=140","title":{"rendered":"Regen hin oder her &#8230;"},"content":{"rendered":"<p>Echtes Aprilwetter Ende Mai, aber die Natur hat trotzdem in den Regenpausen etwas zu bieten&#8230;<\/p>\n<p>Im Herbst letzten Jahres hatten wir einen Teil unseres monotonen Rasens am Haus gegen einen Kr\u00e4uterrasen mit 20% Wildblumenanteil ausgetauscht. Neben dem Hausgarten im \u00dcbergang zum Waldgarten hatte ich einen Schmetterlings- und Wildbienensaum ausges\u00e4t, umgekehrt zum Kr\u00e4uterrasen mit geringem Gras und hohem Blumenanteil. Nun ist es allm\u00e4hlich so weit, dass beide anfangen zu bl\u00fchen und sich die ersten Tiere hier wohl f\u00fchlen. Auch im Insektenhotel, dass wir im vorigen Jahr gebaut hatten, scheinen sich erste G\u00e4ste wohl zu f\u00fchlen.<\/p>\n<p>F\u00fcr ein paar Fotos f\u00fcr eine kleine Galerie haben die Eindr\u00fccke von heute gereicht.<\/p>\n<p><!--more--><\/p>\n\n\t\t<style type=\"text\/css\">\n\t\t\t#gallery-1 {\n\t\t\t\tmargin: auto;\n\t\t\t}\n\t\t\t#gallery-1 .gallery-item {\n\t\t\t\tfloat: left;\n\t\t\t\tmargin-top: 10px;\n\t\t\t\ttext-align: center;\n\t\t\t\twidth: 33%;\n\t\t\t}\n\t\t\t#gallery-1 img {\n\t\t\t\tborder: 2px solid #cfcfcf;\n\t\t\t}\n\t\t\t#gallery-1 .gallery-caption {\n\t\t\t\tmargin-left: 0;\n\t\t\t}\n\t\t\t\/* see gallery_shortcode() in wp-includes\/media.php *\/\n\t\t<\/style>\n\t\t<div id='gallery-1' class='gallery galleryid-140 gallery-columns-3 gallery-size-thumbnail'><dl class='gallery-item'>\n\t\t\t<dt class='gallery-icon landscape'>\n\t\t\t\t<a href='http:\/\/naturgartenblog.wgrverlag.de\/?attachment_id=145'><img width=\"150\" height=\"150\" src=\"http:\/\/naturgartenblog.wgrverlag.de\/wp-content\/uploads\/2013\/05\/Silene-latifolia-ssp-alba-150x150.jpg\" class=\"attachment-thumbnail size-thumbnail\" alt=\"\" decoding=\"async\" aria-describedby=\"gallery-1-145\" loading=\"lazy\" \/><\/a>\n\t\t\t<\/dt>\n\t\t\t\t<dd class='wp-caption-text gallery-caption' id='gallery-1-145'>\n\t\t\t\tEin Blick in den Schmetterlingssaum, der zu bl\u00fchen beginnt, in der Mitte das wei\u00dfe Bl\u00fcmchen, eine Silene latifolia ssp. alba, Wei\u00dfe Lichtnelke.\n\t\t\t\t<\/dd><\/dl><dl class='gallery-item'>\n\t\t\t<dt class='gallery-icon portrait'>\n\t\t\t\t<a href='http:\/\/naturgartenblog.wgrverlag.de\/?attachment_id=146'><img width=\"150\" height=\"150\" src=\"http:\/\/naturgartenblog.wgrverlag.de\/wp-content\/uploads\/2013\/05\/Viola-arvensis-150x150.jpg\" class=\"attachment-thumbnail size-thumbnail\" alt=\"\" decoding=\"async\" aria-describedby=\"gallery-1-146\" loading=\"lazy\" \/><\/a>\n\t\t\t<\/dt>\n\t\t\t\t<dd class='wp-caption-text gallery-caption' id='gallery-1-146'>\n\t\t\t\tViola arvensis, die Acker-Stiefm\u00fctterchen, auch wundersch\u00f6ne Wildblumen.\n\t\t\t\t<\/dd><\/dl><dl class='gallery-item'>\n\t\t\t<dt class='gallery-icon landscape'>\n\t\t\t\t<a href='http:\/\/naturgartenblog.wgrverlag.de\/?attachment_id=147'><img width=\"150\" height=\"150\" src=\"http:\/\/naturgartenblog.wgrverlag.de\/wp-content\/uploads\/2013\/05\/Silene-vulgaris-150x150.jpg\" class=\"attachment-thumbnail size-thumbnail\" alt=\"\" decoding=\"async\" aria-describedby=\"gallery-1-147\" loading=\"lazy\" \/><\/a>\n\t\t\t<\/dt>\n\t\t\t\t<dd class='wp-caption-text gallery-caption' id='gallery-1-147'>\n\t\t\t\tNicht minder sch\u00f6n: Silene vulgaris, das Gemeine Leimkraut.\n\t\t\t\t<\/dd><\/dl><br style=\"clear: both\" \/><dl class='gallery-item'>\n\t\t\t<dt class='gallery-icon landscape'>\n\t\t\t\t<a href='http:\/\/naturgartenblog.wgrverlag.de\/?attachment_id=141'><img width=\"150\" height=\"150\" src=\"http:\/\/naturgartenblog.wgrverlag.de\/wp-content\/uploads\/2013\/05\/Skorpionsfliege-150x150.jpg\" class=\"attachment-thumbnail size-thumbnail\" alt=\"\" decoding=\"async\" aria-describedby=\"gallery-1-141\" loading=\"lazy\" \/><\/a>\n\t\t\t<\/dt>\n\t\t\t\t<dd class='wp-caption-text gallery-caption' id='gallery-1-141'>\n\t\t\t\tDieses interessante Tierchen gab mir ein paar R\u00e4tsel auf, als ich es im Garten fand. Ich ordne es mal ein als weibliche Skorpionsfliege, was man nicht alles so im Garten findet.\n\t\t\t\t<\/dd><\/dl><dl class='gallery-item'>\n\t\t\t<dt class='gallery-icon landscape'>\n\t\t\t\t<a href='http:\/\/naturgartenblog.wgrverlag.de\/?attachment_id=142'><img width=\"150\" height=\"150\" src=\"http:\/\/naturgartenblog.wgrverlag.de\/wp-content\/uploads\/2013\/05\/Aurora-1-150x150.jpg\" class=\"attachment-thumbnail size-thumbnail\" alt=\"\" decoding=\"async\" aria-describedby=\"gallery-1-142\" loading=\"lazy\" \/><\/a>\n\t\t\t<\/dt>\n\t\t\t\t<dd class='wp-caption-text gallery-caption' id='gallery-1-142'>\n\t\t\t\tDie k\u00fchle Witterung hat wohl den Aurorafalter veranlasst etwas l\u00e4nger zu bleiben, wodurch mir ein Foto in einer etwas anderen Perspektive als die \u00fcblichen Orange-Fl\u00fcgel-Draufsichten erm\u00f6glicht wurde. Ist nicht die gr\u00fcnmarmorierte Unterseite faszinierend, wie sch\u00f6n dann auch noch das Orange durchleuchtet, trotz des tr\u00fcben Wetters.\n\t\t\t\t<\/dd><\/dl><dl class='gallery-item'>\n\t\t\t<dt class='gallery-icon landscape'>\n\t\t\t\t<a href='http:\/\/naturgartenblog.wgrverlag.de\/?attachment_id=143'><img width=\"150\" height=\"150\" src=\"http:\/\/naturgartenblog.wgrverlag.de\/wp-content\/uploads\/2013\/05\/Aurora-2-150x150.jpg\" class=\"attachment-thumbnail size-thumbnail\" alt=\"\" decoding=\"async\" aria-describedby=\"gallery-1-143\" loading=\"lazy\" \/><\/a>\n\t\t\t<\/dt>\n\t\t\t\t<dd class='wp-caption-text gallery-caption' id='gallery-1-143'>\n\t\t\t\tNochmal der Aurorafalter. Das sch\u00f6nste dabei war, dass er ein Bl\u00fcmchen in unserem  Kr\u00e4uterrasen als Ansitz nutzte. Galium album?\n\t\t\t\t<\/dd><\/dl><br style=\"clear: both\" \/><dl class='gallery-item'>\n\t\t\t<dt class='gallery-icon landscape'>\n\t\t\t\t<a href='http:\/\/naturgartenblog.wgrverlag.de\/?attachment_id=144'><img width=\"150\" height=\"150\" src=\"http:\/\/naturgartenblog.wgrverlag.de\/wp-content\/uploads\/2013\/05\/Insektenhotel-Bewohner-150x150.jpg\" class=\"attachment-thumbnail size-thumbnail\" alt=\"\" decoding=\"async\" aria-describedby=\"gallery-1-144\" loading=\"lazy\" \/><\/a>\n\t\t\t<\/dt>\n\t\t\t\t<dd class='wp-caption-text gallery-caption' id='gallery-1-144'>\n\t\t\t\tIm Insektenhotel sieht es so aus, als h\u00e4tten sich erste Bewohner eingefunden.\n\t\t\t\t<\/dd><\/dl><dl class='gallery-item'>\n\t\t\t<dt class='gallery-icon landscape'>\n\t\t\t\t<a href='http:\/\/naturgartenblog.wgrverlag.de\/?attachment_id=148'><img width=\"150\" height=\"150\" src=\"http:\/\/naturgartenblog.wgrverlag.de\/wp-content\/uploads\/2013\/05\/Unbekannter-Eierschlepper-150x150.jpg\" class=\"attachment-thumbnail size-thumbnail\" alt=\"\" decoding=\"async\" aria-describedby=\"gallery-1-148\" loading=\"lazy\" \/><\/a>\n\t\t\t<\/dt>\n\t\t\t\t<dd class='wp-caption-text gallery-caption' id='gallery-1-148'>\n\t\t\t\tWas ist das denn? Eine Spinne schl\u00fcpft aus dem Kokon?? Auf wilder M\u00f6hre auf unserem Naturgrundst\u00fcck gefunden.\n\t\t\t\t<\/dd><\/dl>\n\t\t\t<br style='clear: both' \/>\n\t\t<\/div>\n\n<p>&nbsp;<\/p>\n","protected":false},"excerpt":{"rendered":"<p>Echtes Aprilwetter Ende Mai, aber die Natur hat trotzdem in den Regenpausen etwas zu bieten&#8230; Im Herbst letzten Jahres hatten wir einen Teil unseres monotonen Rasens am Haus gegen einen Kr\u00e4uterrasen mit 20% Wildblumenanteil ausgetauscht. Neben dem Hausgarten im \u00dcbergang zum Waldgarten hatte ich einen Schmetterlings- und Wildbienensaum ausges\u00e4t, umgekehrt zum Kr\u00e4uterrasen mit geringem Gras [&hellip;]<\/p>\n","protected":false},"author":2,"featured_media":142,"comment_status":"closed","ping_status":"closed","sticky":false,"template":"","format":"standard","meta":{"footnotes":""},"categories":[32,31,2,49,9],"tags":[83,19,77,74,80,76,73,81,79,82,75,78],"_links":{"self":[{"href":"http:\/\/naturgartenblog.wgrverlag.de\/index.php?rest_route=\/wp\/v2\/posts\/140"}],"collection":[{"href":"http:\/\/naturgartenblog.wgrverlag.de\/index.php?rest_route=\/wp\/v2\/posts"}],"about":[{"href":"http:\/\/naturgartenblog.wgrverlag.de\/index.php?rest_route=\/wp\/v2\/types\/post"}],"author":[{"embeddable":true,"href":"http:\/\/naturgartenblog.wgrverlag.de\/index.php?rest_route=\/wp\/v2\/users\/2"}],"replies":[{"embeddable":true,"href":"http:\/\/naturgartenblog.wgrverlag.de\/index.php?rest_route=%2Fwp%2Fv2%2Fcomments&post=140"}],"version-history":[{"count":4,"href":"http:\/\/naturgartenblog.wgrverlag.de\/index.php?rest_route=\/wp\/v2\/posts\/140\/revisions"}],"predecessor-version":[{"id":150,"href":"http:\/\/naturgartenblog.wgrverlag.de\/index.php?rest_route=\/wp\/v2\/posts\/140\/revisions\/150"}],"wp:featuredmedia":[{"embeddable":true,"href":"http:\/\/naturgartenblog.wgrverlag.de\/index.php?rest_route=\/wp\/v2\/media\/142"}],"wp:attachment":[{"href":"http:\/\/naturgartenblog.wgrverlag.de\/index.php?rest_route=%2Fwp%2Fv2%2Fmedia&parent=140"}],"wp:term":[{"taxonomy":"category","embeddable":true,"href":"http:\/\/naturgartenblog.wgrverlag.de\/index.php?rest_route=%2Fwp%2Fv2%2Fcategories&post=140"},{"taxonomy":"post_tag","embeddable":true,"href":"http:\/\/naturgartenblog.wgrverlag.de\/index.php?rest_route=%2Fwp%2Fv2%2Ftags&post=140"}],"curies":[{"name":"wp","href":"https:\/\/api.w.org\/{rel}","templated":true}]}}